{"id":29527,"date":"2025-09-22T23:55:52","date_gmt":"2025-09-23T02:55:52","guid":{"rendered":"https:\/\/www.saloanoticias.com\/v1\/?p=29527"},"modified":"2025-09-22T23:59:12","modified_gmt":"2025-09-23T02:59:12","slug":"nota-de-falecimento-marcos-antonio-calado","status":"publish","type":"post","link":"https:\/\/www.saloanoticias.com\/v1\/nota-de-falecimento-marcos-antonio-calado\/","title":{"rendered":"Nota de Falecimento: Marcos Ant\u00f4nio Calado"},"content":{"rendered":"\n<p>\u00c9 com profundo pesar que comunicamos o falecimento de Marcos Ant\u00f4nio Calado, ocorrido nesta segunda-feira, dia 22\/09. O vel\u00f3rio ser\u00e1 realizado na Vila de Iatec\u00e1, na resid\u00eancia da fam\u00edlia e o sepultamento acontecer\u00e1 amanh\u00e3 (ter\u00e7a-feira), \u00e0s 17h, no cemit\u00e9rio da Vila de Iatec\u00e1.<\/p>\n\n\n\n<p>A esposa Roseane, as filhas Priscila e Mar\u00edlia, os irm\u00e3os Manoel (Beb\u00e9), Silvana e Simone Calado, sobrinhos e todos os familiares, parentes e amigos convidam a todos para se fazerem presentes nesse momento de f\u00e9 e solidariedade crist\u00e3.<\/p>\n<div style=\"margin-top: 0px; margin-bottom: 0px;\" class=\"sharethis-inline-share-buttons\" ><\/div>","protected":false},"excerpt":{"rendered":"<p>\u00c9 com profundo pesar que comunicamos o falecimento de Marcos Ant\u00f4nio Calado, ocorrido nesta segunda-feira, dia 22\/09. O vel\u00f3rio ser\u00e1 realizado na Vila de Iatec\u00e1, na resid\u00eancia da fam\u00edlia e o sepultamento acontecer\u00e1 amanh\u00e3 (ter\u00e7a-feira), \u00e0s 17h, no cemit\u00e9rio da Vila de Iatec\u00e1. A esposa Roseane, as filhas Priscila e Mar\u00edlia, os irm\u00e3os Manoel (Beb\u00e9), [&hellip;]<\/p>\n","protected":false},"author":1,"featured_media":29530,"comment_status":"closed","ping_status":"closed","sticky":false,"template":"","format":"standard","meta":{"footnotes":""},"categories":[2],"tags":[22],"class_list":["post-29527","post","type-post","status-publish","format-standard","has-post-thumbnail","hentry","category-noticias-do-dia","tag-destaques"],"_links":{"self":[{"href":"https:\/\/www.saloanoticias.com\/v1\/wp-json\/wp\/v2\/posts\/29527","targetHints":{"allow":["GET"]}}],"collection":[{"href":"https:\/\/www.saloanoticias.com\/v1\/wp-json\/wp\/v2\/posts"}],"about":[{"href":"https:\/\/www.saloanoticias.com\/v1\/wp-json\/wp\/v2\/types\/post"}],"author":[{"embeddable":true,"href":"https:\/\/www.saloanoticias.com\/v1\/wp-json\/wp\/v2\/users\/1"}],"replies":[{"embeddable":true,"href":"https:\/\/www.saloanoticias.com\/v1\/wp-json\/wp\/v2\/comments?post=29527"}],"version-history":[{"count":2,"href":"https:\/\/www.saloanoticias.com\/v1\/wp-json\/wp\/v2\/posts\/29527\/revisions"}],"predecessor-version":[{"id":29531,"href":"https:\/\/www.saloanoticias.com\/v1\/wp-json\/wp\/v2\/posts\/29527\/revisions\/29531"}],"wp:featuredmedia":[{"embeddable":true,"href":"https:\/\/www.saloanoticias.com\/v1\/wp-json\/wp\/v2\/media\/29530"}],"wp:attachment":[{"href":"https:\/\/www.saloanoticias.com\/v1\/wp-json\/wp\/v2\/media?parent=29527"}],"wp:term":[{"taxonomy":"category","embeddable":true,"href":"https:\/\/www.saloanoticias.com\/v1\/wp-json\/wp\/v2\/categories?post=29527"},{"taxonomy":"post_tag","embeddable":true,"href":"https:\/\/www.saloanoticias.com\/v1\/wp-json\/wp\/v2\/tags?post=29527"}],"curies":[{"name":"wp","href":"https:\/\/api.w.org\/{rel}","templated":true}]}}