{"id":2952,"date":"2016-10-17T02:00:00","date_gmt":"2016-10-17T02:00:00","guid":{"rendered":"https:\/\/saloanoticias.mrmediaweb.com\/v1\/2016\/10\/17\/souza-modas-inaugura-filial-em-saloa-no-proximo-dia-24-de-outubro\/"},"modified":"2016-10-17T02:00:00","modified_gmt":"2016-10-17T02:00:00","slug":"souza-modas-inaugura-filial-em-saloa-no-proximo-dia-24-de-outubro","status":"publish","type":"post","link":"https:\/\/www.saloanoticias.com\/v1\/souza-modas-inaugura-filial-em-saloa-no-proximo-dia-24-de-outubro\/","title":{"rendered":"SOUZA MODAS INAUGURA FILIAL EM SALO\u00c1 NO PR\u00d3XIMO DIA 24 DE OUTUBRO"},"content":{"rendered":"<p align=\"justify\"><font size=\"3\" face=\"Arial\"><a href=\"http:\/\/www.saloanoticias.com\/images\/souza.gif\"><img loading=\"lazy\" decoding=\"async\" title=\"souza\" style=\"border-top: 0px; border-right: 0px; background-image: none; border-bottom: 0px; float: none; padding-top: 0px; padding-left: 0px; margin: 0px auto 10px; border-left: 0px; display: block; padding-right: 0px\" border=\"0\" alt=\"souza\" src=\"http:\/\/www.saloanoticias.com\/v1\/wp-content\/uploads\/imagens\/souza_thumb.gif\" width=\"1408\" height=\"1012\"><\/a>Aten\u00e7\u00e3o voc\u00ea de Salo\u00e1\/PE e de toda regi\u00e3o que gosta de se vestir bem ! Ser\u00e1 inaugurada na cidade na pr\u00f3xima segunda-feira, dia 24 de outubro, a filial da \u201cSouza Modas\u201d, uma super boutique com as melhores marcas da atualidade. Voc\u00ea n\u00e3o pode deixar de conhecer a \u201cSouza Modas\u201d, uma loja que vem se destacando pelo ambiente aconchegante, menor pre\u00e7o e \u00f3timas condi\u00e7\u00f5es de pagamento. Somente l\u00e1 voc\u00ea confere os lan\u00e7amentos das cole\u00e7\u00f5es lan\u00e7adas no Sul e Sudeste do pa\u00eds.<\/font><\/p>\n<p align=\"justify\"><font size=\"3\" face=\"Arial\">Souza Modas em Salo\u00e1 ficar\u00e1 localizada na pra\u00e7a Agamenom Magalh\u00e3es, no centro, ao lado do Supermercado de Chico de Col\u00f3, na pra\u00e7a do Banco do Brasil. <\/font><font size=\"3\" face=\"Arial\">Visite-nos e veja de perto o que estamos anunciando. A \u201cSouza Modas\u201d tem dois endere\u00e7os para lhe servir, um em Caet\u00e9s, na Rua Mirian Souto Maior, n.\u00ba 15 A, no Centro, e agora em Salo\u00e1 na pra\u00e7a Agamenom Magalh\u00e3es, tamb\u00e9m no Centro. Souza Modas, a boutique que chegou para ficar !<\/font><\/p>\n<div style=\"margin-top: 0px; margin-bottom: 0px;\" class=\"sharethis-inline-share-buttons\" ><\/div>","protected":false},"excerpt":{"rendered":"<p>Aten\u00e7\u00e3o voc\u00ea de Salo\u00e1\/PE e de toda regi\u00e3o que gosta de se vestir bem ! Ser\u00e1 inaugurada na cidade na pr\u00f3xima segunda-feira, dia 24 de outubro, a filial da \u201cSouza Modas\u201d, uma super boutique com as melhores marcas da atualidade. Voc\u00ea n\u00e3o pode deixar de conhecer a \u201cSouza Modas\u201d, uma loja que vem se destacando [&hellip;]<\/p>\n","protected":false},"author":1,"featured_media":0,"comment_status":"open","ping_status":"open","sticky":false,"template":"","format":"standard","meta":{"footnotes":""},"categories":[2],"tags":[],"class_list":["post-2952","post","type-post","status-publish","format-standard","hentry","category-noticias-do-dia"],"_links":{"self":[{"href":"https:\/\/www.saloanoticias.com\/v1\/wp-json\/wp\/v2\/posts\/2952","targetHints":{"allow":["GET"]}}],"collection":[{"href":"https:\/\/www.saloanoticias.com\/v1\/wp-json\/wp\/v2\/posts"}],"about":[{"href":"https:\/\/www.saloanoticias.com\/v1\/wp-json\/wp\/v2\/types\/post"}],"author":[{"embeddable":true,"href":"https:\/\/www.saloanoticias.com\/v1\/wp-json\/wp\/v2\/users\/1"}],"replies":[{"embeddable":true,"href":"https:\/\/www.saloanoticias.com\/v1\/wp-json\/wp\/v2\/comments?post=2952"}],"version-history":[{"count":0,"href":"https:\/\/www.saloanoticias.com\/v1\/wp-json\/wp\/v2\/posts\/2952\/revisions"}],"wp:attachment":[{"href":"https:\/\/www.saloanoticias.com\/v1\/wp-json\/wp\/v2\/media?parent=2952"}],"wp:term":[{"taxonomy":"category","embeddable":true,"href":"https:\/\/www.saloanoticias.com\/v1\/wp-json\/wp\/v2\/categories?post=2952"},{"taxonomy":"post_tag","embeddable":true,"href":"https:\/\/www.saloanoticias.com\/v1\/wp-json\/wp\/v2\/tags?post=2952"}],"curies":[{"name":"wp","href":"https:\/\/api.w.org\/{rel}","templated":true}]}}