{"id":29519,"date":"2025-09-22T19:44:22","date_gmt":"2025-09-22T22:44:22","guid":{"rendered":"https:\/\/www.saloanoticias.com\/v1\/?p=29519"},"modified":"2025-09-22T19:48:14","modified_gmt":"2025-09-22T22:48:14","slug":"detran-itinerante-chega-a-saloa-nesta-terca-feira-23-com-servicos-para-a-populacao","status":"publish","type":"post","link":"https:\/\/www.saloanoticias.com\/v1\/detran-itinerante-chega-a-saloa-nesta-terca-feira-23-com-servicos-para-a-populacao\/","title":{"rendered":"Detran Itinerante chega a Salo\u00e1 nesta ter\u00e7a-feira (23) com servi\u00e7os para a popula\u00e7\u00e3o"},"content":{"rendered":"\n<p>Nesta ter\u00e7a-feira (23), a cidade de Salo\u00e1 recebe o Detran Itinerante, iniciativa que leva \u00e0 popula\u00e7\u00e3o diversos servi\u00e7os do Departamento Estadual de Tr\u00e2nsito de Pernambuco (Detran\/PE) de forma pr\u00e1tica e acess\u00edvel. A a\u00e7\u00e3o acontece na Pra\u00e7a de Eventos, das 8h \u00e0s 14h, e contar\u00e1 tamb\u00e9m com atendimentos voltados para a sa\u00fade.<\/p>\n\n\n\n<p>Durante o evento, os moradores ter\u00e3o acesso a servi\u00e7os do Detran, como orienta\u00e7\u00f5es sobre renova\u00e7\u00e3o e emiss\u00e3o da Carteira Nacional de Habilita\u00e7\u00e3o (CNH), consultas de ve\u00edculos, al\u00e9m de outros atendimentos relacionados ao tr\u00e2nsito. Paralelamente, ser\u00e3o disponibilizados servi\u00e7os de sa\u00fade, fortalecendo o cuidado com a popula\u00e7\u00e3o.<\/p>\n\n\n<div class=\"wp-block-image\">\n<figure class=\"aligncenter size-large\"><img loading=\"lazy\" decoding=\"async\" width=\"821\" height=\"1024\" src=\"https:\/\/www.saloanoticias.com\/v1\/wp-content\/uploads\/2025\/09\/ea57b786-946c-46f6-8b14-33a486c32b15-821x1024.jpeg\" alt=\"\" class=\"wp-image-29522\" srcset=\"https:\/\/www.saloanoticias.com\/v1\/wp-content\/uploads\/2025\/09\/ea57b786-946c-46f6-8b14-33a486c32b15-821x1024.jpeg 821w, https:\/\/www.saloanoticias.com\/v1\/wp-content\/uploads\/2025\/09\/ea57b786-946c-46f6-8b14-33a486c32b15-241x300.jpeg 241w, https:\/\/www.saloanoticias.com\/v1\/wp-content\/uploads\/2025\/09\/ea57b786-946c-46f6-8b14-33a486c32b15-768x958.jpeg 768w, https:\/\/www.saloanoticias.com\/v1\/wp-content\/uploads\/2025\/09\/ea57b786-946c-46f6-8b14-33a486c32b15.jpeg 1080w\" sizes=\"auto, (max-width: 821px) 100vw, 821px\" \/><\/figure>\n<\/div>\n\n\n<p>A iniciativa \u00e9 fruto de uma parceria entre o Detran\/PE, a Prefeitura de Salo\u00e1 e a Secretaria Municipal de Sa\u00fade, que uniram esfor\u00e7os para aproximar os servi\u00e7os essenciais da comunidade.<\/p>\n\n\n\n<p>Com essa a\u00e7\u00e3o, a popula\u00e7\u00e3o de Salo\u00e1 poder\u00e1 resolver pend\u00eancias e receber orienta\u00e7\u00f5es sem precisar se deslocar para outras cidades, al\u00e9m de contar com suporte na \u00e1rea da sa\u00fade em um s\u00f3 espa\u00e7o.<\/p>\n\n\n<div class=\"wp-block-image\">\n<figure class=\"aligncenter size-large\"><img loading=\"lazy\" decoding=\"async\" width=\"826\" height=\"1024\" src=\"https:\/\/www.saloanoticias.com\/v1\/wp-content\/uploads\/2025\/09\/3be1071e-ddf7-4526-a8ea-581cfbaec3c3-826x1024.jpeg\" alt=\"\" class=\"wp-image-29524\" srcset=\"https:\/\/www.saloanoticias.com\/v1\/wp-content\/uploads\/2025\/09\/3be1071e-ddf7-4526-a8ea-581cfbaec3c3-826x1024.jpeg 826w, https:\/\/www.saloanoticias.com\/v1\/wp-content\/uploads\/2025\/09\/3be1071e-ddf7-4526-a8ea-581cfbaec3c3-242x300.jpeg 242w, https:\/\/www.saloanoticias.com\/v1\/wp-content\/uploads\/2025\/09\/3be1071e-ddf7-4526-a8ea-581cfbaec3c3-768x952.jpeg 768w, https:\/\/www.saloanoticias.com\/v1\/wp-content\/uploads\/2025\/09\/3be1071e-ddf7-4526-a8ea-581cfbaec3c3.jpeg 1080w\" sizes=\"auto, (max-width: 826px) 100vw, 826px\" \/><\/figure>\n<\/div><div style=\"margin-top: 0px; margin-bottom: 0px;\" class=\"sharethis-inline-share-buttons\" ><\/div>","protected":false},"excerpt":{"rendered":"<p>Nesta ter\u00e7a-feira (23), a cidade de Salo\u00e1 recebe o Detran Itinerante, iniciativa que leva \u00e0 popula\u00e7\u00e3o diversos servi\u00e7os do Departamento Estadual de Tr\u00e2nsito de Pernambuco (Detran\/PE) de forma pr\u00e1tica e acess\u00edvel. A a\u00e7\u00e3o acontece na Pra\u00e7a de Eventos, das 8h \u00e0s 14h, e contar\u00e1 tamb\u00e9m com atendimentos voltados para a sa\u00fade. Durante o evento, os [&hellip;]<\/p>\n","protected":false},"author":1,"featured_media":29521,"comment_status":"closed","ping_status":"closed","sticky":false,"template":"","format":"standard","meta":{"footnotes":""},"categories":[21],"tags":[22],"class_list":["post-29519","post","type-post","status-publish","format-standard","has-post-thumbnail","hentry","category-cidade","tag-destaques"],"_links":{"self":[{"href":"https:\/\/www.saloanoticias.com\/v1\/wp-json\/wp\/v2\/posts\/29519","targetHints":{"allow":["GET"]}}],"collection":[{"href":"https:\/\/www.saloanoticias.com\/v1\/wp-json\/wp\/v2\/posts"}],"about":[{"href":"https:\/\/www.saloanoticias.com\/v1\/wp-json\/wp\/v2\/types\/post"}],"author":[{"embeddable":true,"href":"https:\/\/www.saloanoticias.com\/v1\/wp-json\/wp\/v2\/users\/1"}],"replies":[{"embeddable":true,"href":"https:\/\/www.saloanoticias.com\/v1\/wp-json\/wp\/v2\/comments?post=29519"}],"version-history":[{"count":3,"href":"https:\/\/www.saloanoticias.com\/v1\/wp-json\/wp\/v2\/posts\/29519\/revisions"}],"predecessor-version":[{"id":29526,"href":"https:\/\/www.saloanoticias.com\/v1\/wp-json\/wp\/v2\/posts\/29519\/revisions\/29526"}],"wp:featuredmedia":[{"embeddable":true,"href":"https:\/\/www.saloanoticias.com\/v1\/wp-json\/wp\/v2\/media\/29521"}],"wp:attachment":[{"href":"https:\/\/www.saloanoticias.com\/v1\/wp-json\/wp\/v2\/media?parent=29519"}],"wp:term":[{"taxonomy":"category","embeddable":true,"href":"https:\/\/www.saloanoticias.com\/v1\/wp-json\/wp\/v2\/categories?post=29519"},{"taxonomy":"post_tag","embeddable":true,"href":"https:\/\/www.saloanoticias.com\/v1\/wp-json\/wp\/v2\/tags?post=29519"}],"curies":[{"name":"wp","href":"https:\/\/api.w.org\/{rel}","templated":true}]}}