{"id":29511,"date":"2025-09-22T08:33:27","date_gmt":"2025-09-22T11:33:27","guid":{"rendered":"https:\/\/www.saloanoticias.com\/v1\/?p=29511"},"modified":"2025-09-22T08:35:08","modified_gmt":"2025-09-22T11:35:08","slug":"prefeitura-de-saloa-intensifica-recuperacao-de-estradas-em-todo-o-municipio","status":"publish","type":"post","link":"https:\/\/www.saloanoticias.com\/v1\/prefeitura-de-saloa-intensifica-recuperacao-de-estradas-em-todo-o-municipio\/","title":{"rendered":"Prefeitura de Salo\u00e1 intensifica recupera\u00e7\u00e3o de estradas em todo o munic\u00edpio"},"content":{"rendered":"\n<p>A Prefeitura de Salo\u00e1 tem se destacado pelo incans\u00e1vel trabalho de recupera\u00e7\u00e3o das estradas que cortam o munic\u00edpio. Sob determina\u00e7\u00e3o do prefeito J\u00fanior de Rivaldo, a gest\u00e3o vem executando servi\u00e7os de melhoria tanto nas vias principais quanto nas estradas vicinais, al\u00e9m da manuten\u00e7\u00e3o e recupera\u00e7\u00e3o das passagens molhadas, fundamentais para o escoamento da produ\u00e7\u00e3o agr\u00edcola e para a mobilidade da popula\u00e7\u00e3o.<\/p>\n\n\n\n<p>Com a diminui\u00e7\u00e3o das fortes chuvas que ca\u00edram na regi\u00e3o, os trabalhos de recupera\u00e7\u00e3o tendem a se intensificar, permitindo maior avan\u00e7o nas frentes de servi\u00e7o e garantindo resultados ainda mais r\u00e1pidos e eficientes para a popula\u00e7\u00e3o.<\/p>\n\n\n\n<p>O empenho do prefeito tem garantido que comunidades rurais, muitas vezes isoladas em per\u00edodos chuvosos, tenham acesso facilitado \u00e0 sede do munic\u00edpio e aos servi\u00e7os essenciais, como sa\u00fade, educa\u00e7\u00e3o e com\u00e9rcio.<\/p>\n\n\n\n<p>M\u00e1quinas e equipes trabalham diariamente, assegurando que a infraestrutura vi\u00e1ria esteja em condi\u00e7\u00f5es adequadas para atender \u00e0s necessidades da popula\u00e7\u00e3o. De acordo com a gest\u00e3o municipal, o objetivo \u00e9 oferecer mais seguran\u00e7a, conforto e qualidade de vida para os moradores de todas as regi\u00f5es, fortalecendo tamb\u00e9m a economia local, j\u00e1 que as estradas s\u00e3o rotas estrat\u00e9gicas para o transporte da produ\u00e7\u00e3o agr\u00edcola.<\/p>\n\n\n\n<p>Com essa a\u00e7\u00e3o cont\u00ednua e planejada, o prefeito J\u00fanior de Rivaldo refor\u00e7a seu compromisso com o desenvolvimento de Salo\u00e1, mostrando que investir na mobilidade rural \u00e9 investir no bem-estar das fam\u00edlias e no crescimento sustent\u00e1vel do munic\u00edpio.<\/p>\n<div style=\"margin-top: 0px; margin-bottom: 0px;\" class=\"sharethis-inline-share-buttons\" ><\/div>","protected":false},"excerpt":{"rendered":"<p>A Prefeitura de Salo\u00e1 tem se destacado pelo incans\u00e1vel trabalho de recupera\u00e7\u00e3o das estradas que cortam o munic\u00edpio. Sob determina\u00e7\u00e3o do prefeito J\u00fanior de Rivaldo, a gest\u00e3o vem executando servi\u00e7os de melhoria tanto nas vias principais quanto nas estradas vicinais, al\u00e9m da manuten\u00e7\u00e3o e recupera\u00e7\u00e3o das passagens molhadas, fundamentais para o escoamento da produ\u00e7\u00e3o agr\u00edcola [&hellip;]<\/p>\n","protected":false},"author":1,"featured_media":29512,"comment_status":"closed","ping_status":"closed","sticky":false,"template":"","format":"standard","meta":{"footnotes":""},"categories":[21],"tags":[22],"class_list":["post-29511","post","type-post","status-publish","format-standard","has-post-thumbnail","hentry","category-cidade","tag-destaques"],"_links":{"self":[{"href":"https:\/\/www.saloanoticias.com\/v1\/wp-json\/wp\/v2\/posts\/29511","targetHints":{"allow":["GET"]}}],"collection":[{"href":"https:\/\/www.saloanoticias.com\/v1\/wp-json\/wp\/v2\/posts"}],"about":[{"href":"https:\/\/www.saloanoticias.com\/v1\/wp-json\/wp\/v2\/types\/post"}],"author":[{"embeddable":true,"href":"https:\/\/www.saloanoticias.com\/v1\/wp-json\/wp\/v2\/users\/1"}],"replies":[{"embeddable":true,"href":"https:\/\/www.saloanoticias.com\/v1\/wp-json\/wp\/v2\/comments?post=29511"}],"version-history":[{"count":2,"href":"https:\/\/www.saloanoticias.com\/v1\/wp-json\/wp\/v2\/posts\/29511\/revisions"}],"predecessor-version":[{"id":29514,"href":"https:\/\/www.saloanoticias.com\/v1\/wp-json\/wp\/v2\/posts\/29511\/revisions\/29514"}],"wp:featuredmedia":[{"embeddable":true,"href":"https:\/\/www.saloanoticias.com\/v1\/wp-json\/wp\/v2\/media\/29512"}],"wp:attachment":[{"href":"https:\/\/www.saloanoticias.com\/v1\/wp-json\/wp\/v2\/media?parent=29511"}],"wp:term":[{"taxonomy":"category","embeddable":true,"href":"https:\/\/www.saloanoticias.com\/v1\/wp-json\/wp\/v2\/categories?post=29511"},{"taxonomy":"post_tag","embeddable":true,"href":"https:\/\/www.saloanoticias.com\/v1\/wp-json\/wp\/v2\/tags?post=29511"}],"curies":[{"name":"wp","href":"https:\/\/api.w.org\/{rel}","templated":true}]}}