{"id":2951,"date":"2016-10-16T20:00:00","date_gmt":"2016-10-16T20:00:00","guid":{"rendered":"https:\/\/saloanoticias.mrmediaweb.com\/v1\/2016\/10\/16\/comercio-e-escolas-de-garanhuns-fecham-nesta-segunda-feira-17\/"},"modified":"2016-10-16T20:00:00","modified_gmt":"2016-10-16T20:00:00","slug":"comercio-e-escolas-de-garanhuns-fecham-nesta-segunda-feira-17","status":"publish","type":"post","link":"https:\/\/www.saloanoticias.com\/v1\/comercio-e-escolas-de-garanhuns-fecham-nesta-segunda-feira-17\/","title":{"rendered":"\u201cCOM\u00c9RCIO E ESCOLAS DE GARANHUNS\/PE\u201d FECHAM NESTA SEGUNDA-FEIRA (17)"},"content":{"rendered":"<p align=\"justify\"><font size=\"3\" face=\"Arial\"><a href=\"http:\/\/www.saloanoticias.com\/images\/dia-do-professor.jpg\"><img loading=\"lazy\" decoding=\"async\" title=\"dia do professor\" style=\"border-top: 0px; border-right: 0px; background-image: none; border-bottom: 0px; float: left; padding-top: 0px; padding-left: 0px; margin: 5px 5px 0px 0px; border-left: 0px; display: inline; padding-right: 0px\" border=\"0\" alt=\"dia do professor\" src=\"http:\/\/www.saloanoticias.com\/v1\/wp-content\/uploads\/imagens\/dia-do-professor_thumb.jpg\" width=\"298\" align=\"left\" height=\"199\"><\/a>Nessa segunda-feira, dia 17, com\u00e9rcio e escolas p\u00fablicas e privadas em Garanhuns estar\u00e3o fechados, devido aos feriados do Dia do Comerci\u00e1rio e Dia do Professor. Este \u00faltimo \u00e9 comemorado no dia 15, mas h\u00e1 acordo em conven\u00e7\u00e3o coletiva de que, ao cair no s\u00e1bado ou no domingo, a data \u00e9 transferida para a segunda-feira. <\/font><font size=\"3\" face=\"Arial\">De acordo com o Sindicato dos Comerci\u00e1rios de Garanhuns, apesar de o Dia do Comerci\u00e1rio estar previsto apenas para o dia 30 de outubro, as comemora\u00e7\u00f5es ser\u00e3o antecipadas para essa terceira segunda-feira do m\u00eas, como j\u00e1 aconteceu no ano passado aqui em Garanhuns.<\/font><\/p>\n<p align=\"justify\"><font size=\"3\" face=\"Arial\">\u201cGaranhuns \u00e9 um dos pioneiros nessa antecipa\u00e7\u00e3o! N\u00e3o s\u00f3 conseguimos atrav\u00e9s de uma Lei Municipal, como tamb\u00e9m est\u00e1 inserida na nossa conven\u00e7\u00e3o coletiva essa comemora\u00e7\u00e3o antecipada, da\u00ed serviu de modelo para outras Cidades, como: Caruaru, Arcoverde, Jaboat\u00e3o e Recife, entre outras\u201d, registra Adjamiro Lopes, que preside o Sindicato dos Comerci\u00e1rios de Garanhuns. <\/font><font size=\"3\" face=\"Arial\">J\u00e1 o Governo de Garanhuns vem informando que por conta das comemora\u00e7\u00f5es do Dia do Professor, a Secretaria de Educa\u00e7\u00e3o, bem como as escolas da Rede Municipal de Ensino, n\u00e3o ter\u00e3o expediente nesta data, voltando ao seu funcionamento normal na ter\u00e7a-feira, dia 18.<\/font><\/p>\n<p align=\"justify\"><font size=\"3\" face=\"Arial\">Os educand\u00e1rios estaduais e particulares tamb\u00e9m n\u00e3o funcionar\u00e3o nessa segunda. <\/font><font size=\"3\" face=\"Arial\">A fim de oferecer op\u00e7\u00f5es de lazer gratuitas ou de baixo custo, sobretudo aos comerci\u00e1rios e familiares, a unidade do SESC Garanhuns promover\u00e1 uma s\u00e9rie de atividades no feriado. Entre elas, sorteio de brindes, jogos, corrida e tamb\u00e9m uma manh\u00e3 de lazer no Parque Aqu\u00e1tico, com direito a atra\u00e7\u00f5es musicais. \u201cAl\u00e9m disso o Sindicato tamb\u00e9m est\u00e1 promovendo hoje, dia dia 16, um Torneio de Futebol Society, com oito equipes, para o lazer do trabalhador\u201d, complementou Adjamiro Lopes. <strong><font size=\"2\">Fonte: Blog do Carlos Eug\u00eanio<\/font><\/strong><\/font><\/p>\n<div style=\"margin-top: 0px; margin-bottom: 0px;\" class=\"sharethis-inline-share-buttons\" ><\/div>","protected":false},"excerpt":{"rendered":"<p>Nessa segunda-feira, dia 17, com\u00e9rcio e escolas p\u00fablicas e privadas em Garanhuns estar\u00e3o fechados, devido aos feriados do Dia do Comerci\u00e1rio e Dia do Professor. Este \u00faltimo \u00e9 comemorado no dia 15, mas h\u00e1 acordo em conven\u00e7\u00e3o coletiva de que, ao cair no s\u00e1bado ou no domingo, a data \u00e9 transferida para a segunda-feira. De [&hellip;]<\/p>\n","protected":false},"author":1,"featured_media":0,"comment_status":"open","ping_status":"open","sticky":false,"template":"","format":"standard","meta":{"footnotes":""},"categories":[2],"tags":[],"class_list":["post-2951","post","type-post","status-publish","format-standard","hentry","category-noticias-do-dia"],"_links":{"self":[{"href":"https:\/\/www.saloanoticias.com\/v1\/wp-json\/wp\/v2\/posts\/2951","targetHints":{"allow":["GET"]}}],"collection":[{"href":"https:\/\/www.saloanoticias.com\/v1\/wp-json\/wp\/v2\/posts"}],"about":[{"href":"https:\/\/www.saloanoticias.com\/v1\/wp-json\/wp\/v2\/types\/post"}],"author":[{"embeddable":true,"href":"https:\/\/www.saloanoticias.com\/v1\/wp-json\/wp\/v2\/users\/1"}],"replies":[{"embeddable":true,"href":"https:\/\/www.saloanoticias.com\/v1\/wp-json\/wp\/v2\/comments?post=2951"}],"version-history":[{"count":0,"href":"https:\/\/www.saloanoticias.com\/v1\/wp-json\/wp\/v2\/posts\/2951\/revisions"}],"wp:attachment":[{"href":"https:\/\/www.saloanoticias.com\/v1\/wp-json\/wp\/v2\/media?parent=2951"}],"wp:term":[{"taxonomy":"category","embeddable":true,"href":"https:\/\/www.saloanoticias.com\/v1\/wp-json\/wp\/v2\/categories?post=2951"},{"taxonomy":"post_tag","embeddable":true,"href":"https:\/\/www.saloanoticias.com\/v1\/wp-json\/wp\/v2\/tags?post=2951"}],"curies":[{"name":"wp","href":"https:\/\/api.w.org\/{rel}","templated":true}]}}