{"id":29506,"date":"2025-10-07T18:33:04","date_gmt":"2025-10-07T21:33:04","guid":{"rendered":"https:\/\/www.saloanoticias.com\/v1\/?p=29506"},"modified":"2025-10-07T18:35:28","modified_gmt":"2025-10-07T21:35:28","slug":"papa-afirma-que-familia-e-uniao-estavel-entre-homem-e-mulher-em-discurso-aos-diplomatas","status":"publish","type":"post","link":"https:\/\/www.saloanoticias.com\/v1\/papa-afirma-que-familia-e-uniao-estavel-entre-homem-e-mulher-em-discurso-aos-diplomatas\/","title":{"rendered":"Papa afirma que fam\u00edlia \u00e9 &#8220;uni\u00e3o est\u00e1vel entre homem e mulher&#8221; em discurso aos diplomatas"},"content":{"rendered":"\n<p>Cidade do Vaticano \u2014 Em seu primeiro pronunciamento formal com o corpo diplom\u00e1tico, na sexta-feira (16\/09\/25), o Papa Le\u00e3o XIV afirmou que a fam\u00edlia \u201c\u00e9 fundada na uni\u00e3o est\u00e1vel entre um homem e uma mulher\u201d.<\/p>\n\n\n\n<p>A declara\u00e7\u00e3o foi proferida durante uma audi\u00eancia privada, cujo texto foi divulgado oficialmente pelo Vaticano. No mesmo discurso, o pont\u00edfice reafirmou posi\u00e7\u00f5es tradicionais da Igreja Cat\u00f3lica: defendeu a dignidade de pessoas n\u00e3o nascidas e idosos, ressaltando que todas as criaturas de Deus merecem respeito, independentemente de sua vulnerabilidade.<\/p>\n\n\n\n<p>O Papa tamb\u00e9m destacou que \u00e9 responsabilidade dos governos promover sociedades pac\u00edficas e harmoniosas, o que, segundo ele, passa pelo \u201cinvestimento na fam\u00edlia\u201d no modelo definido. A fala retoma, portanto, a doutrina tradicional da Igreja sobre casamento e fam\u00edlia heterossexual.<\/p>\n\n\n\n<p>A repercuss\u00e3o p\u00fablica n\u00e3o tardou: analistas e representantes de grupos progressistas apontam que a declara\u00e7\u00e3o refor\u00e7a divis\u00f5es em temas como reconhecimento legal de uni\u00f5es homoafetivas, direitos LGBTQIA+ e pol\u00edticas de g\u00eanero.<\/p>\n\n\n\n<p>Por outro lado, para setores conservadores dentro e fora da Igreja, as palavras do Papa s\u00e3o vistas como reafirma\u00e7\u00e3o necess\u00e1ria de valores considerados centrais para sua f\u00e9.<\/p>\n<div style=\"margin-top: 0px; margin-bottom: 0px;\" class=\"sharethis-inline-share-buttons\" ><\/div>","protected":false},"excerpt":{"rendered":"<p>Cidade do Vaticano \u2014 Em seu primeiro pronunciamento formal com o corpo diplom\u00e1tico, na sexta-feira (16\/09\/25), o Papa Le\u00e3o XIV afirmou que a fam\u00edlia \u201c\u00e9 fundada na uni\u00e3o est\u00e1vel entre um homem e uma mulher\u201d. A declara\u00e7\u00e3o foi proferida durante uma audi\u00eancia privada, cujo texto foi divulgado oficialmente pelo Vaticano. No mesmo discurso, o pont\u00edfice [&hellip;]<\/p>\n","protected":false},"author":1,"featured_media":29683,"comment_status":"closed","ping_status":"closed","sticky":false,"template":"","format":"standard","meta":{"footnotes":""},"categories":[16],"tags":[22],"class_list":["post-29506","post","type-post","status-publish","format-standard","has-post-thumbnail","hentry","category-religiao","tag-destaques"],"_links":{"self":[{"href":"https:\/\/www.saloanoticias.com\/v1\/wp-json\/wp\/v2\/posts\/29506","targetHints":{"allow":["GET"]}}],"collection":[{"href":"https:\/\/www.saloanoticias.com\/v1\/wp-json\/wp\/v2\/posts"}],"about":[{"href":"https:\/\/www.saloanoticias.com\/v1\/wp-json\/wp\/v2\/types\/post"}],"author":[{"embeddable":true,"href":"https:\/\/www.saloanoticias.com\/v1\/wp-json\/wp\/v2\/users\/1"}],"replies":[{"embeddable":true,"href":"https:\/\/www.saloanoticias.com\/v1\/wp-json\/wp\/v2\/comments?post=29506"}],"version-history":[{"count":3,"href":"https:\/\/www.saloanoticias.com\/v1\/wp-json\/wp\/v2\/posts\/29506\/revisions"}],"predecessor-version":[{"id":29685,"href":"https:\/\/www.saloanoticias.com\/v1\/wp-json\/wp\/v2\/posts\/29506\/revisions\/29685"}],"wp:featuredmedia":[{"embeddable":true,"href":"https:\/\/www.saloanoticias.com\/v1\/wp-json\/wp\/v2\/media\/29683"}],"wp:attachment":[{"href":"https:\/\/www.saloanoticias.com\/v1\/wp-json\/wp\/v2\/media?parent=29506"}],"wp:term":[{"taxonomy":"category","embeddable":true,"href":"https:\/\/www.saloanoticias.com\/v1\/wp-json\/wp\/v2\/categories?post=29506"},{"taxonomy":"post_tag","embeddable":true,"href":"https:\/\/www.saloanoticias.com\/v1\/wp-json\/wp\/v2\/tags?post=29506"}],"curies":[{"name":"wp","href":"https:\/\/api.w.org\/{rel}","templated":true}]}}