{"id":2950,"date":"2016-10-15T22:00:00","date_gmt":"2016-10-15T22:00:00","guid":{"rendered":"https:\/\/saloanoticias.mrmediaweb.com\/v1\/2016\/10\/15\/horario-de-verao-comeca-neste-sabado-15\/"},"modified":"2016-10-15T22:00:00","modified_gmt":"2016-10-15T22:00:00","slug":"horario-de-verao-comeca-neste-sabado-15","status":"publish","type":"post","link":"https:\/\/www.saloanoticias.com\/v1\/horario-de-verao-comeca-neste-sabado-15\/","title":{"rendered":"HOR\u00c1RIO DE VER\u00c3O COME\u00c7A NESTE S\u00c1BADO (15), MENOS PARA O NORDESTE"},"content":{"rendered":"<p align=\"justify\"><font size=\"3\" face=\"Arial\"><a href=\"http:\/\/www.saloanoticias.com\/images\/horario-de-verao.png\"><img loading=\"lazy\" decoding=\"async\" title=\"horario-de-verao\" style=\"border-top: 0px; border-right: 0px; background-image: none; border-bottom: 0px; float: left; padding-top: 0px; padding-left: 0px; margin: 5px 5px 0px 0px; border-left: 0px; display: inline; padding-right: 0px\" border=\"0\" alt=\"horario-de-verao\" src=\"http:\/\/www.saloanoticias.com\/v1\/wp-content\/uploads\/imagens\/horario-de-verao_thumb.png\" width=\"283\" align=\"left\" height=\"165\"><\/a>O hor\u00e1rio de ver\u00e3o entrar\u00e1 em vigor no pr\u00f3ximo domingo (16) em dez estados mais o Distrito Federal. A partir de meia-noite de s\u00e1bado (15), os moradores devem adiantar os rel\u00f3gios em uma hora. O hor\u00e1rio de ver\u00e3o vai durar at\u00e9 o dia 19 de fevereiro de 2017. <\/font><font size=\"3\" face=\"Arial\">O governo federal estima que ir\u00e1 economizar R$ 147,5 milh\u00f5es. O valor representa o custo evitado em usinas t\u00e9rmicas por quest\u00f5es de seguran\u00e7a el\u00e9trica e atendimento \u00e0 ponta de carga no per\u00edodo de vig\u00eancia do hor\u00e1rio de ver\u00e3o.<\/font><\/p>\n<p align=\"justify\"><font size=\"3\" face=\"Arial\">O hor\u00e1rio diferenciado vale para os estados de Goi\u00e1s, Mato Grosso, Mato Grosso do Sul, Minas Gerais, Paran\u00e1, Rio de Janeiro, Rio Grande do Sul, Santa Catarina, S\u00e3o Paulo, Esp\u00edrito Santo, al\u00e9m do DF. <\/font><font size=\"3\" face=\"Arial\">Entre os objetivos est\u00e1 a redu\u00e7\u00e3o da demanda durante o hor\u00e1rio de pico, que vai normalmente das 18h \u00e0s 21h. Com o hor\u00e1rio de ver\u00e3o, a ilumina\u00e7\u00e3o p\u00fablica, por exemplo, \u00e9 acionada mais tarde, deixando de coincidir com o hor\u00e1rio de consumo da ind\u00fastria e do com\u00e9rcio. Fonte: g1.com<\/font><\/p>\n<div style=\"margin-top: 0px; margin-bottom: 0px;\" class=\"sharethis-inline-share-buttons\" ><\/div>","protected":false},"excerpt":{"rendered":"<p>O hor\u00e1rio de ver\u00e3o entrar\u00e1 em vigor no pr\u00f3ximo domingo (16) em dez estados mais o Distrito Federal. A partir de meia-noite de s\u00e1bado (15), os moradores devem adiantar os rel\u00f3gios em uma hora. O hor\u00e1rio de ver\u00e3o vai durar at\u00e9 o dia 19 de fevereiro de 2017. O governo federal estima que ir\u00e1 economizar [&hellip;]<\/p>\n","protected":false},"author":1,"featured_media":0,"comment_status":"open","ping_status":"open","sticky":false,"template":"","format":"standard","meta":{"footnotes":""},"categories":[2],"tags":[],"class_list":["post-2950","post","type-post","status-publish","format-standard","hentry","category-noticias-do-dia"],"_links":{"self":[{"href":"https:\/\/www.saloanoticias.com\/v1\/wp-json\/wp\/v2\/posts\/2950","targetHints":{"allow":["GET"]}}],"collection":[{"href":"https:\/\/www.saloanoticias.com\/v1\/wp-json\/wp\/v2\/posts"}],"about":[{"href":"https:\/\/www.saloanoticias.com\/v1\/wp-json\/wp\/v2\/types\/post"}],"author":[{"embeddable":true,"href":"https:\/\/www.saloanoticias.com\/v1\/wp-json\/wp\/v2\/users\/1"}],"replies":[{"embeddable":true,"href":"https:\/\/www.saloanoticias.com\/v1\/wp-json\/wp\/v2\/comments?post=2950"}],"version-history":[{"count":0,"href":"https:\/\/www.saloanoticias.com\/v1\/wp-json\/wp\/v2\/posts\/2950\/revisions"}],"wp:attachment":[{"href":"https:\/\/www.saloanoticias.com\/v1\/wp-json\/wp\/v2\/media?parent=2950"}],"wp:term":[{"taxonomy":"category","embeddable":true,"href":"https:\/\/www.saloanoticias.com\/v1\/wp-json\/wp\/v2\/categories?post=2950"},{"taxonomy":"post_tag","embeddable":true,"href":"https:\/\/www.saloanoticias.com\/v1\/wp-json\/wp\/v2\/tags?post=2950"}],"curies":[{"name":"wp","href":"https:\/\/api.w.org\/{rel}","templated":true}]}}