{"id":29494,"date":"2025-09-21T11:14:49","date_gmt":"2025-09-21T14:14:49","guid":{"rendered":"https:\/\/www.saloanoticias.com\/v1\/?p=29494"},"modified":"2025-09-21T11:28:11","modified_gmt":"2025-09-21T14:28:11","slug":"terceiro-dia-da-festa-de-sao-vicente-de-paulo-e-marcado-por-procissao-motorizada","status":"publish","type":"post","link":"https:\/\/www.saloanoticias.com\/v1\/terceiro-dia-da-festa-de-sao-vicente-de-paulo-e-marcado-por-procissao-motorizada\/","title":{"rendered":"Terceiro dia da Festa de S\u00e3o Vicente de Paulo \u00e9 marcado por prociss\u00e3o motorizada"},"content":{"rendered":"\n<p>A comunidade cat\u00f3lica de Salo\u00e1 viveu neste s\u00e1bado (20) o terceiro dia da 94\u00aa edi\u00e7\u00e3o da Festa em honra a S\u00e3o Vicente de Paulo. O evento religioso, que j\u00e1 faz parte da tradi\u00e7\u00e3o do munic\u00edpio, reuniu grande n\u00famero de fi\u00e9is na programa\u00e7\u00e3o lit\u00fargica e cultural.<\/p>\n\n\n<div class=\"wp-block-image\">\n<figure class=\"aligncenter size-large\"><img loading=\"lazy\" decoding=\"async\" width=\"830\" height=\"1024\" src=\"https:\/\/www.saloanoticias.com\/v1\/wp-content\/uploads\/2025\/09\/IMG_8526-830x1024.jpeg\" alt=\"\" class=\"wp-image-29496\" srcset=\"https:\/\/www.saloanoticias.com\/v1\/wp-content\/uploads\/2025\/09\/IMG_8526-830x1024.jpeg 830w, https:\/\/www.saloanoticias.com\/v1\/wp-content\/uploads\/2025\/09\/IMG_8526-243x300.jpeg 243w, https:\/\/www.saloanoticias.com\/v1\/wp-content\/uploads\/2025\/09\/IMG_8526-768x948.jpeg 768w, https:\/\/www.saloanoticias.com\/v1\/wp-content\/uploads\/2025\/09\/IMG_8526.jpeg 960w\" sizes=\"auto, (max-width: 830px) 100vw, 830px\" \/><\/figure>\n<\/div>\n\n\n<p>No terceiro dia da festa em honra a S\u00e3o Vicente de Paulo, a comunidade realizou a prociss\u00e3o motorizada, que saiu do povoado S\u00e3o Serafim e seguiu em dire\u00e7\u00e3o \u00e0 Matriz, onde os ve\u00edculos receberam a b\u00ean\u00e7\u00e3o. Foi um momento de f\u00e9, devo\u00e7\u00e3o e uni\u00e3o de toda a comunidade, que acompanhou com entusiasmo o percurso.<\/p>\n\n\n\n<p>Durante a noite, os paroquianos e visitantes participaram ainda da Santa Missa, celebrada em clima de espiritualidade e agradecimento ao padroeiro. A celebra\u00e7\u00e3o foi acompanhada por c\u00e2nticos e ora\u00e7\u00f5es, refor\u00e7ando a tradi\u00e7\u00e3o religiosa que marca todos os dias da festa.<\/p>\n\n\n<div class=\"wp-block-image\">\n<figure class=\"aligncenter size-large\"><img loading=\"lazy\" decoding=\"async\" width=\"896\" height=\"1024\" src=\"https:\/\/www.saloanoticias.com\/v1\/wp-content\/uploads\/2025\/09\/IMG_8525-896x1024.jpeg\" alt=\"\" class=\"wp-image-29497\" srcset=\"https:\/\/www.saloanoticias.com\/v1\/wp-content\/uploads\/2025\/09\/IMG_8525-896x1024.jpeg 896w, https:\/\/www.saloanoticias.com\/v1\/wp-content\/uploads\/2025\/09\/IMG_8525-263x300.jpeg 263w, https:\/\/www.saloanoticias.com\/v1\/wp-content\/uploads\/2025\/09\/IMG_8525-768x878.jpeg 768w, https:\/\/www.saloanoticias.com\/v1\/wp-content\/uploads\/2025\/09\/IMG_8525.jpeg 960w\" sizes=\"auto, (max-width: 896px) 100vw, 896px\" \/><\/figure>\n<\/div>\n\n\n<p>Al\u00e9m da programa\u00e7\u00e3o religiosa, a noite contou tamb\u00e9m com atividades culturais no entorno da igreja, reunindo fam\u00edlias e amigos em um ambiente de confraterniza\u00e7\u00e3o. A Festa de S\u00e3o Vicente de Paulo segue at\u00e9 o pr\u00f3ximo dia 27 de setembro, sempre com intensa participa\u00e7\u00e3o popular, reafirmando o esp\u00edrito de f\u00e9 e tradi\u00e7\u00e3o que move os saloaenses. <em>Fotos: Instagram da Par\u00f3quia de S\u00e3o Vicente de Paulo<\/em> <\/p>\n<div style=\"margin-top: 0px; margin-bottom: 0px;\" class=\"sharethis-inline-share-buttons\" ><\/div>","protected":false},"excerpt":{"rendered":"<p>A comunidade cat\u00f3lica de Salo\u00e1 viveu neste s\u00e1bado (20) o terceiro dia da 94\u00aa edi\u00e7\u00e3o da Festa em honra a S\u00e3o Vicente de Paulo. O evento religioso, que j\u00e1 faz parte da tradi\u00e7\u00e3o do munic\u00edpio, reuniu grande n\u00famero de fi\u00e9is na programa\u00e7\u00e3o lit\u00fargica e cultural. No terceiro dia da festa em honra a S\u00e3o Vicente [&hellip;]<\/p>\n","protected":false},"author":1,"featured_media":29499,"comment_status":"closed","ping_status":"closed","sticky":false,"template":"","format":"standard","meta":{"footnotes":""},"categories":[16],"tags":[22],"class_list":["post-29494","post","type-post","status-publish","format-standard","has-post-thumbnail","hentry","category-religiao","tag-destaques"],"_links":{"self":[{"href":"https:\/\/www.saloanoticias.com\/v1\/wp-json\/wp\/v2\/posts\/29494","targetHints":{"allow":["GET"]}}],"collection":[{"href":"https:\/\/www.saloanoticias.com\/v1\/wp-json\/wp\/v2\/posts"}],"about":[{"href":"https:\/\/www.saloanoticias.com\/v1\/wp-json\/wp\/v2\/types\/post"}],"author":[{"embeddable":true,"href":"https:\/\/www.saloanoticias.com\/v1\/wp-json\/wp\/v2\/users\/1"}],"replies":[{"embeddable":true,"href":"https:\/\/www.saloanoticias.com\/v1\/wp-json\/wp\/v2\/comments?post=29494"}],"version-history":[{"count":5,"href":"https:\/\/www.saloanoticias.com\/v1\/wp-json\/wp\/v2\/posts\/29494\/revisions"}],"predecessor-version":[{"id":29505,"href":"https:\/\/www.saloanoticias.com\/v1\/wp-json\/wp\/v2\/posts\/29494\/revisions\/29505"}],"wp:featuredmedia":[{"embeddable":true,"href":"https:\/\/www.saloanoticias.com\/v1\/wp-json\/wp\/v2\/media\/29499"}],"wp:attachment":[{"href":"https:\/\/www.saloanoticias.com\/v1\/wp-json\/wp\/v2\/media?parent=29494"}],"wp:term":[{"taxonomy":"category","embeddable":true,"href":"https:\/\/www.saloanoticias.com\/v1\/wp-json\/wp\/v2\/categories?post=29494"},{"taxonomy":"post_tag","embeddable":true,"href":"https:\/\/www.saloanoticias.com\/v1\/wp-json\/wp\/v2\/tags?post=29494"}],"curies":[{"name":"wp","href":"https:\/\/api.w.org\/{rel}","templated":true}]}}