{"id":2949,"date":"2016-10-15T18:00:00","date_gmt":"2016-10-15T18:00:00","guid":{"rendered":"https:\/\/saloanoticias.mrmediaweb.com\/v1\/2016\/10\/15\/igreja-presbiteriana-de-saloa-inaugura-congregacao-na-pedra-do-mocos\/"},"modified":"2016-10-15T18:00:00","modified_gmt":"2016-10-15T18:00:00","slug":"igreja-presbiteriana-de-saloa-inaugura-congregacao-na-pedra-do-mocos","status":"publish","type":"post","link":"https:\/\/www.saloanoticias.com\/v1\/igreja-presbiteriana-de-saloa-inaugura-congregacao-na-pedra-do-mocos\/","title":{"rendered":"IGREJA PRESBITERIANA DE SALO\u00c1 REALIZA INAUGURA\u00c7\u00c3O DA CONGREGA\u00c7\u00c3O NA PEDRA DO MOC\u00d3S NESTE S\u00c1BADO (15)"},"content":{"rendered":"<p align=\"justify\"><font size=\"3\" face=\"Arial\"><a href=\"http:\/\/www.saloanoticias.com\/images\/pastor-leonildo-paixo_730cf51bd09ad0e4e782232c15531981.jpg\"><img loading=\"lazy\" decoding=\"async\" title=\"Pastor Leonildo Paix&atilde;o\" style=\"border-top: 0px; border-right: 0px; background-image: none; border-bottom: 0px; float: left; padding-top: 0px; padding-left: 0px; margin: 5px 5px 0px 0px; border-left: 0px; display: inline; padding-right: 0px\" border=\"0\" alt=\"Pastor Leonildo Paix&atilde;o\" src=\"http:\/\/www.saloanoticias.com\/v1\/wp-content\/uploads\/imagens\/pastor-leonildo-paixo_thumb_abd4e10a2e4b53922ea565a0dffbb00f.jpg\" width=\"234\" align=\"left\" height=\"231\"><\/a>Acontece neste s\u00e1bado, dia 15\/10\/2016, a inaugura\u00e7\u00e3o da Congrega\u00e7\u00e3o Presbiteriana do Sitio Pedra do Moc\u00f3, a partir da 18:00 horas. O evento conta a participa\u00e7\u00e3o especial da Banda Sal da Terra de Garanhuns, do grupo de louvor \u201cFam\u00edlia Costa\u201d do Recife, cantores locais e pregando a Palavra de Deus o Rev. Milton Cesar, pastor da Igreja Presbiteriana de Heli\u00f3polis em Garanhuns. Voc\u00ea \u00e9 nosso convidado especial. Participe, com certeza voc\u00ea ser\u00e1 grandemente aben\u00e7oado.<\/font><\/p>\n<div style=\"margin-top: 0px; margin-bottom: 0px;\" class=\"sharethis-inline-share-buttons\" ><\/div>","protected":false},"excerpt":{"rendered":"<p>Acontece neste s\u00e1bado, dia 15\/10\/2016, a inaugura\u00e7\u00e3o da Congrega\u00e7\u00e3o Presbiteriana do Sitio Pedra do Moc\u00f3, a partir da 18:00 horas. O evento conta a participa\u00e7\u00e3o especial da Banda Sal da Terra de Garanhuns, do grupo de louvor \u201cFam\u00edlia Costa\u201d do Recife, cantores locais e pregando a Palavra de Deus o Rev. Milton Cesar, pastor da [&hellip;]<\/p>\n","protected":false},"author":1,"featured_media":0,"comment_status":"open","ping_status":"open","sticky":false,"template":"","format":"standard","meta":{"footnotes":""},"categories":[2],"tags":[],"class_list":["post-2949","post","type-post","status-publish","format-standard","hentry","category-noticias-do-dia"],"_links":{"self":[{"href":"https:\/\/www.saloanoticias.com\/v1\/wp-json\/wp\/v2\/posts\/2949","targetHints":{"allow":["GET"]}}],"collection":[{"href":"https:\/\/www.saloanoticias.com\/v1\/wp-json\/wp\/v2\/posts"}],"about":[{"href":"https:\/\/www.saloanoticias.com\/v1\/wp-json\/wp\/v2\/types\/post"}],"author":[{"embeddable":true,"href":"https:\/\/www.saloanoticias.com\/v1\/wp-json\/wp\/v2\/users\/1"}],"replies":[{"embeddable":true,"href":"https:\/\/www.saloanoticias.com\/v1\/wp-json\/wp\/v2\/comments?post=2949"}],"version-history":[{"count":0,"href":"https:\/\/www.saloanoticias.com\/v1\/wp-json\/wp\/v2\/posts\/2949\/revisions"}],"wp:attachment":[{"href":"https:\/\/www.saloanoticias.com\/v1\/wp-json\/wp\/v2\/media?parent=2949"}],"wp:term":[{"taxonomy":"category","embeddable":true,"href":"https:\/\/www.saloanoticias.com\/v1\/wp-json\/wp\/v2\/categories?post=2949"},{"taxonomy":"post_tag","embeddable":true,"href":"https:\/\/www.saloanoticias.com\/v1\/wp-json\/wp\/v2\/tags?post=2949"}],"curies":[{"name":"wp","href":"https:\/\/api.w.org\/{rel}","templated":true}]}}