{"id":29486,"date":"2025-09-19T09:19:01","date_gmt":"2025-09-19T12:19:01","guid":{"rendered":"https:\/\/www.saloanoticias.com\/v1\/?p=29486"},"modified":"2025-09-20T00:01:47","modified_gmt":"2025-09-20T03:01:47","slug":"saloa-e-reconhecida-como-cidade-modelo-em-saneamento-durante-evento-da-funasa","status":"publish","type":"post","link":"https:\/\/www.saloanoticias.com\/v1\/saloa-e-reconhecida-como-cidade-modelo-em-saneamento-durante-evento-da-funasa\/","title":{"rendered":"Salo\u00e1 \u00e9 reconhecida como cidade modelo em saneamento durante evento da FUNASA"},"content":{"rendered":"\n<p>Na \u00faltima quinta-feira (18), o munic\u00edpio de Salo\u00e1 ganhou destaque estadual ao ser citado como cidade modelo em Pernambuco, com mais de 80% do territ\u00f3rio plenamente saneado. O reconhecimento aconteceu durante o Semin\u00e1rio Pacto pela Retomada de Parcerias, promovido pela Funda\u00e7\u00e3o Nacional de Sa\u00fade (FUNASA), em Recife, que reuniu gestores e autoridades ligadas ao setor.<\/p>\n\n\n\n<p>Salo\u00e1 esteve representada no encontro pelo prefeito J\u00fanior de Rivaldo, que destacou a import\u00e2ncia da obra de esgotamento sanit\u00e1rio para a melhoria da qualidade de vida da popula\u00e7\u00e3o.<\/p>\n\n\n\n<p>O evento contou ainda com a presen\u00e7a da gerente regional da FUNASA em Pernambuco, dona Helena, e do presidente nacional da institui\u00e7\u00e3o, Alexandre Ribeiro Motta. Em sua fala, Motta ressaltou a relev\u00e2ncia de Salo\u00e1 como refer\u00eancia em pol\u00edticas de saneamento e manifestou o desejo de visitar o munic\u00edpio para prestigiar a inaugura\u00e7\u00e3o da obra.<\/p>\n\n\n\n<p>A obra em quest\u00e3o \u00e9 considerada um marco para a regi\u00e3o, por se tratar da \u00fanica interven\u00e7\u00e3o de saneamento no Nordeste com inaugura\u00e7\u00e3o prevista ainda para este ano. Durante o encontro, tamb\u00e9m foi discutida a possibilidade de trazer o presidente Lula para esse ato, dada a grandeza simb\u00f3lica e a relev\u00e2ncia desse marco para toda a comunidade saloaense.<\/p>\n\n\n\n<p>Esse reconhecimento refor\u00e7a os esfor\u00e7os da gest\u00e3o municipal em garantir mais infraestrutura e dignidade \u00e0 popula\u00e7\u00e3o, consolidando Salo\u00e1 como exemplo positivo no cen\u00e1rio estadual.<\/p>\n<div style=\"margin-top: 0px; margin-bottom: 0px;\" class=\"sharethis-inline-share-buttons\" ><\/div>","protected":false},"excerpt":{"rendered":"<p>Na \u00faltima quinta-feira (18), o munic\u00edpio de Salo\u00e1 ganhou destaque estadual ao ser citado como cidade modelo em Pernambuco, com mais de 80% do territ\u00f3rio plenamente saneado. O reconhecimento aconteceu durante o Semin\u00e1rio Pacto pela Retomada de Parcerias, promovido pela Funda\u00e7\u00e3o Nacional de Sa\u00fade (FUNASA), em Recife, que reuniu gestores e autoridades ligadas ao setor. [&hellip;]<\/p>\n","protected":false},"author":1,"featured_media":29487,"comment_status":"closed","ping_status":"closed","sticky":false,"template":"","format":"standard","meta":{"footnotes":""},"categories":[21],"tags":[22],"class_list":["post-29486","post","type-post","status-publish","format-standard","has-post-thumbnail","hentry","category-cidade","tag-destaques"],"_links":{"self":[{"href":"https:\/\/www.saloanoticias.com\/v1\/wp-json\/wp\/v2\/posts\/29486","targetHints":{"allow":["GET"]}}],"collection":[{"href":"https:\/\/www.saloanoticias.com\/v1\/wp-json\/wp\/v2\/posts"}],"about":[{"href":"https:\/\/www.saloanoticias.com\/v1\/wp-json\/wp\/v2\/types\/post"}],"author":[{"embeddable":true,"href":"https:\/\/www.saloanoticias.com\/v1\/wp-json\/wp\/v2\/users\/1"}],"replies":[{"embeddable":true,"href":"https:\/\/www.saloanoticias.com\/v1\/wp-json\/wp\/v2\/comments?post=29486"}],"version-history":[{"count":1,"href":"https:\/\/www.saloanoticias.com\/v1\/wp-json\/wp\/v2\/posts\/29486\/revisions"}],"predecessor-version":[{"id":29488,"href":"https:\/\/www.saloanoticias.com\/v1\/wp-json\/wp\/v2\/posts\/29486\/revisions\/29488"}],"wp:featuredmedia":[{"embeddable":true,"href":"https:\/\/www.saloanoticias.com\/v1\/wp-json\/wp\/v2\/media\/29487"}],"wp:attachment":[{"href":"https:\/\/www.saloanoticias.com\/v1\/wp-json\/wp\/v2\/media?parent=29486"}],"wp:term":[{"taxonomy":"category","embeddable":true,"href":"https:\/\/www.saloanoticias.com\/v1\/wp-json\/wp\/v2\/categories?post=29486"},{"taxonomy":"post_tag","embeddable":true,"href":"https:\/\/www.saloanoticias.com\/v1\/wp-json\/wp\/v2\/tags?post=29486"}],"curies":[{"name":"wp","href":"https:\/\/api.w.org\/{rel}","templated":true}]}}