{"id":2948,"date":"2016-10-15T13:00:00","date_gmt":"2016-10-15T13:00:00","guid":{"rendered":"https:\/\/saloanoticias.mrmediaweb.com\/v1\/2016\/10\/15\/dom-paulo-jackson-estara-em-saloa-neste-sabado\/"},"modified":"2016-10-15T13:00:00","modified_gmt":"2016-10-15T13:00:00","slug":"dom-paulo-jackson-estara-em-saloa-neste-sabado","status":"publish","type":"post","link":"https:\/\/www.saloanoticias.com\/v1\/dom-paulo-jackson-estara-em-saloa-neste-sabado\/","title":{"rendered":"DOM PAULO JACKSON ESTAR\u00c1 EM SALO\u00c1 NA ABERTURA DA FESTA DE S\u00c3O VICENTE"},"content":{"rendered":"<p align=\"justify\"><font size=\"3\" face=\"Arial\"><a href=\"http:\/\/www.saloanoticias.com\/images\/dom-paulo-jackson_8e1032da625c75765706141e3e3fcc3b.jpg\"><img loading=\"lazy\" decoding=\"async\" title=\"dom paulo jackson\" style=\"border-top: 0px; border-right: 0px; background-image: none; border-bottom: 0px; float: left; padding-top: 0px; padding-left: 0px; margin: 5px 5px 0px 0px; border-left: 0px; display: inline; padding-right: 0px\" border=\"0\" alt=\"dom paulo jackson\" src=\"http:\/\/www.saloanoticias.com\/v1\/wp-content\/uploads\/imagens\/dom-paulo-jackson_thumb_123e90aad1661044b1ea50be7d6c2729.jpg\" width=\"249\" align=\"left\" height=\"237\"><\/a>A festa do padroeiro S\u00e3o Vicente de Paulo come\u00e7a oficialmente neste s\u00e1bado, dia 15 de outubro de 2016, e contar\u00e1 com uma vasta programa\u00e7\u00e3o durante todo o dia. As celebra\u00e7\u00f5es contar\u00e3o com a visita ilustre do Bispo Diocesano de Garanhuns, Dom Paulo Jackson, que presidir\u00e1 a missa de abertura na sede da par\u00f3quia de S\u00e3o Vicente, no centro, a partir das 19h e 30m. Antes da missa acontece uma prociss\u00e3o motorizada vinda da vila de Iatec\u00e1. Dom Paulo \u00e9 uma figura bastante respeitada e com certeza ser\u00e1 bem recebido pela popula\u00e7\u00e3o de Salo\u00e1.<\/font><\/p>\n<div style=\"margin-top: 0px; margin-bottom: 0px;\" class=\"sharethis-inline-share-buttons\" ><\/div>","protected":false},"excerpt":{"rendered":"<p>A festa do padroeiro S\u00e3o Vicente de Paulo come\u00e7a oficialmente neste s\u00e1bado, dia 15 de outubro de 2016, e contar\u00e1 com uma vasta programa\u00e7\u00e3o durante todo o dia. As celebra\u00e7\u00f5es contar\u00e3o com a visita ilustre do Bispo Diocesano de Garanhuns, Dom Paulo Jackson, que presidir\u00e1 a missa de abertura na sede da par\u00f3quia de S\u00e3o [&hellip;]<\/p>\n","protected":false},"author":1,"featured_media":0,"comment_status":"open","ping_status":"open","sticky":false,"template":"","format":"standard","meta":{"footnotes":""},"categories":[2],"tags":[],"class_list":["post-2948","post","type-post","status-publish","format-standard","hentry","category-noticias-do-dia"],"_links":{"self":[{"href":"https:\/\/www.saloanoticias.com\/v1\/wp-json\/wp\/v2\/posts\/2948","targetHints":{"allow":["GET"]}}],"collection":[{"href":"https:\/\/www.saloanoticias.com\/v1\/wp-json\/wp\/v2\/posts"}],"about":[{"href":"https:\/\/www.saloanoticias.com\/v1\/wp-json\/wp\/v2\/types\/post"}],"author":[{"embeddable":true,"href":"https:\/\/www.saloanoticias.com\/v1\/wp-json\/wp\/v2\/users\/1"}],"replies":[{"embeddable":true,"href":"https:\/\/www.saloanoticias.com\/v1\/wp-json\/wp\/v2\/comments?post=2948"}],"version-history":[{"count":0,"href":"https:\/\/www.saloanoticias.com\/v1\/wp-json\/wp\/v2\/posts\/2948\/revisions"}],"wp:attachment":[{"href":"https:\/\/www.saloanoticias.com\/v1\/wp-json\/wp\/v2\/media?parent=2948"}],"wp:term":[{"taxonomy":"category","embeddable":true,"href":"https:\/\/www.saloanoticias.com\/v1\/wp-json\/wp\/v2\/categories?post=2948"},{"taxonomy":"post_tag","embeddable":true,"href":"https:\/\/www.saloanoticias.com\/v1\/wp-json\/wp\/v2\/tags?post=2948"}],"curies":[{"name":"wp","href":"https:\/\/api.w.org\/{rel}","templated":true}]}}