{"id":29473,"date":"2025-09-15T21:38:17","date_gmt":"2025-09-16T00:38:17","guid":{"rendered":"https:\/\/www.saloanoticias.com\/v1\/?p=29473"},"modified":"2025-09-15T21:40:18","modified_gmt":"2025-09-16T00:40:18","slug":"raquel-lyra-sanciona-junto-a-deputados-estaduais-lei-que-autoriza-contratacao-de-emprestimo-de-r-15-bilhao","status":"publish","type":"post","link":"https:\/\/www.saloanoticias.com\/v1\/raquel-lyra-sanciona-junto-a-deputados-estaduais-lei-que-autoriza-contratacao-de-emprestimo-de-r-15-bilhao\/","title":{"rendered":"Raquel Lyra sanciona junto a deputados estaduais lei que autoriza contrata\u00e7\u00e3o de empr\u00e9stimo de R$ 1,5 bilh\u00e3o"},"content":{"rendered":"\n<p>Na manh\u00e3 desta ter\u00e7a-feira (16), a governadora Raquel Lyra vai sancionar, junto a deputados estaduais, a lei que autoriza a contrata\u00e7\u00e3o de empr\u00e9stimo no valor de R$ 1,5 bilh\u00e3o. Os recursos a serem aplicados pelo Governo de Pernambuco ser\u00e3o empregados em obras importantes de infraestrutura no Estado, que visam contribuir com o desenvolvimento estadual.<\/p>\n\n\n\n<p>O projeto do Executivo ser\u00e1 sancionado ap\u00f3s aprova\u00e7\u00e3o no plen\u00e1rio da Assembleia Legislativa de Pernambuco (Alepe), na \u00faltima quarta-feira (10).<br>Ainda pela manh\u00e3, a gestora prestigiar\u00e1 a cerim\u00f4nia de comemora\u00e7\u00e3o pelos 170 anos do Real Hospital Portugu\u00eas.<\/p>\n\n\n\n<p>J\u00e1 durante a tarde, a gestora assina a ordem de servi\u00e7o para o in\u00edcio das obras de restauro da Igreja de S\u00e3o Pedro M\u00e1rtir de Verona, em Olinda. Com investimento de R$ 1,2 milh\u00e3o, o templo, que est\u00e1 fechado h\u00e1 10 anos, passar\u00e1 por recupera\u00e7\u00e3o das fachadas, pisos, coberta e outras moderniza\u00e7\u00f5es das instala\u00e7\u00f5es.<\/p>\n\n\n\n<p>Antes da assinatura, a gestora far\u00e1 uma vistoria \u00e0s obras do Museu de Arte Contempor\u00e2nea (MAC-PE) e, em seguida, do Mosteiro de S\u00e3o Bento, tamb\u00e9m em Olinda. O projeto do MAC-PE contempla servi\u00e7os de conserva\u00e7\u00e3o e restauro do edif\u00edcio hist\u00f3rico, e o mosteiro passa por obras estrutural e de restaura\u00e7\u00e3o dos bens integrados do monumento.<\/p>\n<div style=\"margin-top: 0px; margin-bottom: 0px;\" class=\"sharethis-inline-share-buttons\" ><\/div>","protected":false},"excerpt":{"rendered":"<p>Na manh\u00e3 desta ter\u00e7a-feira (16), a governadora Raquel Lyra vai sancionar, junto a deputados estaduais, a lei que autoriza a contrata\u00e7\u00e3o de empr\u00e9stimo no valor de R$ 1,5 bilh\u00e3o. Os recursos a serem aplicados pelo Governo de Pernambuco ser\u00e3o empregados em obras importantes de infraestrutura no Estado, que visam contribuir com o desenvolvimento estadual. O [&hellip;]<\/p>\n","protected":false},"author":1,"featured_media":29474,"comment_status":"closed","ping_status":"closed","sticky":false,"template":"","format":"standard","meta":{"footnotes":""},"categories":[21],"tags":[22],"class_list":["post-29473","post","type-post","status-publish","format-standard","has-post-thumbnail","hentry","category-cidade","tag-destaques"],"_links":{"self":[{"href":"https:\/\/www.saloanoticias.com\/v1\/wp-json\/wp\/v2\/posts\/29473","targetHints":{"allow":["GET"]}}],"collection":[{"href":"https:\/\/www.saloanoticias.com\/v1\/wp-json\/wp\/v2\/posts"}],"about":[{"href":"https:\/\/www.saloanoticias.com\/v1\/wp-json\/wp\/v2\/types\/post"}],"author":[{"embeddable":true,"href":"https:\/\/www.saloanoticias.com\/v1\/wp-json\/wp\/v2\/users\/1"}],"replies":[{"embeddable":true,"href":"https:\/\/www.saloanoticias.com\/v1\/wp-json\/wp\/v2\/comments?post=29473"}],"version-history":[{"count":2,"href":"https:\/\/www.saloanoticias.com\/v1\/wp-json\/wp\/v2\/posts\/29473\/revisions"}],"predecessor-version":[{"id":29476,"href":"https:\/\/www.saloanoticias.com\/v1\/wp-json\/wp\/v2\/posts\/29473\/revisions\/29476"}],"wp:featuredmedia":[{"embeddable":true,"href":"https:\/\/www.saloanoticias.com\/v1\/wp-json\/wp\/v2\/media\/29474"}],"wp:attachment":[{"href":"https:\/\/www.saloanoticias.com\/v1\/wp-json\/wp\/v2\/media?parent=29473"}],"wp:term":[{"taxonomy":"category","embeddable":true,"href":"https:\/\/www.saloanoticias.com\/v1\/wp-json\/wp\/v2\/categories?post=29473"},{"taxonomy":"post_tag","embeddable":true,"href":"https:\/\/www.saloanoticias.com\/v1\/wp-json\/wp\/v2\/tags?post=29473"}],"curies":[{"name":"wp","href":"https:\/\/api.w.org\/{rel}","templated":true}]}}