{"id":29467,"date":"2025-09-14T17:31:06","date_gmt":"2025-09-14T20:31:06","guid":{"rendered":"https:\/\/www.saloanoticias.com\/v1\/?p=29467"},"modified":"2025-09-14T17:34:24","modified_gmt":"2025-09-14T20:34:24","slug":"audiencia-publica-sobre-recadastramento-biometrico-e-realizada-em-saloa","status":"publish","type":"post","link":"https:\/\/www.saloanoticias.com\/v1\/audiencia-publica-sobre-recadastramento-biometrico-e-realizada-em-saloa\/","title":{"rendered":"Audi\u00eancia P\u00fablica sobre recadastramento biom\u00e9trico \u00e9 realizado em Salo\u00e1"},"content":{"rendered":"\n<p>Na manh\u00e3 desta sexta-feira, o munic\u00edpio de Salo\u00e1 sediou uma importante Audi\u00eancia P\u00fablica sobre o recadastramento biom\u00e9trico, realizada no Plen\u00e1rio da C\u00e2mara de Vereadores. O evento contou com a presen\u00e7a do Presidente do Tribunal Regional Eleitoral de Pernambuco (TRE\/PE), desembargador C\u00e2ndido Jos\u00e9 da Fonte Saraiva de Moraes, do prefeito J\u00fanior de Rivaldo e de outras autoridades locais, que destacaram a import\u00e2ncia da atualiza\u00e7\u00e3o cadastral para garantir a transpar\u00eancia e a seguran\u00e7a do processo eleitoral.<\/p>\n\n\n<div class=\"wp-block-image\">\n<figure class=\"aligncenter size-full\"><img loading=\"lazy\" decoding=\"async\" width=\"960\" height=\"520\" src=\"https:\/\/www.saloanoticias.com\/v1\/wp-content\/uploads\/2025\/09\/IMG_8445.jpeg\" alt=\"\" class=\"wp-image-29469\" srcset=\"https:\/\/www.saloanoticias.com\/v1\/wp-content\/uploads\/2025\/09\/IMG_8445.jpeg 960w, https:\/\/www.saloanoticias.com\/v1\/wp-content\/uploads\/2025\/09\/IMG_8445-300x163.jpeg 300w, https:\/\/www.saloanoticias.com\/v1\/wp-content\/uploads\/2025\/09\/IMG_8445-768x416.jpeg 768w\" sizes=\"auto, (max-width: 960px) 100vw, 960px\" \/><\/figure>\n<\/div>\n\n\n<p>Representantes de setores p\u00fablicos e cidad\u00e3os compareceram \u00e0 audi\u00eancia, que teve como objetivo esclarecer d\u00favidas sobre o procedimento, orientar a popula\u00e7\u00e3o sobre prazos e locais de atendimento, al\u00e9m de refor\u00e7ar a import\u00e2ncia da participa\u00e7\u00e3o de todos no recadastramento biom\u00e9trico.<\/p>\n\n\n\n<p>Durante o encontro, foram apresentados dados sobre o andamento do cadastramento no munic\u00edpio e discutidas estrat\u00e9gias para aumentar a ades\u00e3o dos eleitores. A participa\u00e7\u00e3o ativa da comunidade foi incentivada pelos organizadores, refor\u00e7ando o compromisso com a cidadania e a democracia.<\/p>\n\n\n\n<figure class=\"wp-block-image size-full\"><img loading=\"lazy\" decoding=\"async\" width=\"960\" height=\"516\" src=\"https:\/\/www.saloanoticias.com\/v1\/wp-content\/uploads\/2025\/09\/IMG_8443.jpeg\" alt=\"\" class=\"wp-image-29470\" srcset=\"https:\/\/www.saloanoticias.com\/v1\/wp-content\/uploads\/2025\/09\/IMG_8443.jpeg 960w, https:\/\/www.saloanoticias.com\/v1\/wp-content\/uploads\/2025\/09\/IMG_8443-300x161.jpeg 300w, https:\/\/www.saloanoticias.com\/v1\/wp-content\/uploads\/2025\/09\/IMG_8443-768x413.jpeg 768w\" sizes=\"auto, (max-width: 960px) 100vw, 960px\" \/><\/figure>\n\n\n\n<p>O evento refor\u00e7a a parceria entre o TRE\/PE, a C\u00e2mara Municipal de Salo\u00e1 e a Prefeitura, demonstrando o esfor\u00e7o conjunto para promover a regulariza\u00e7\u00e3o do cadastro eleitoral e garantir que todos os cidad\u00e3os estejam aptos a exercer seu direito de voto de forma segura e eficaz.<\/p>\n<div style=\"margin-top: 0px; margin-bottom: 0px;\" class=\"sharethis-inline-share-buttons\" ><\/div>","protected":false},"excerpt":{"rendered":"<p>Na manh\u00e3 desta sexta-feira, o munic\u00edpio de Salo\u00e1 sediou uma importante Audi\u00eancia P\u00fablica sobre o recadastramento biom\u00e9trico, realizada no Plen\u00e1rio da C\u00e2mara de Vereadores. O evento contou com a presen\u00e7a do Presidente do Tribunal Regional Eleitoral de Pernambuco (TRE\/PE), desembargador C\u00e2ndido Jos\u00e9 da Fonte Saraiva de Moraes, do prefeito J\u00fanior de Rivaldo e de outras [&hellip;]<\/p>\n","protected":false},"author":1,"featured_media":29468,"comment_status":"closed","ping_status":"closed","sticky":false,"template":"","format":"standard","meta":{"footnotes":""},"categories":[21],"tags":[22],"class_list":["post-29467","post","type-post","status-publish","format-standard","has-post-thumbnail","hentry","category-cidade","tag-destaques"],"_links":{"self":[{"href":"https:\/\/www.saloanoticias.com\/v1\/wp-json\/wp\/v2\/posts\/29467","targetHints":{"allow":["GET"]}}],"collection":[{"href":"https:\/\/www.saloanoticias.com\/v1\/wp-json\/wp\/v2\/posts"}],"about":[{"href":"https:\/\/www.saloanoticias.com\/v1\/wp-json\/wp\/v2\/types\/post"}],"author":[{"embeddable":true,"href":"https:\/\/www.saloanoticias.com\/v1\/wp-json\/wp\/v2\/users\/1"}],"replies":[{"embeddable":true,"href":"https:\/\/www.saloanoticias.com\/v1\/wp-json\/wp\/v2\/comments?post=29467"}],"version-history":[{"count":2,"href":"https:\/\/www.saloanoticias.com\/v1\/wp-json\/wp\/v2\/posts\/29467\/revisions"}],"predecessor-version":[{"id":29472,"href":"https:\/\/www.saloanoticias.com\/v1\/wp-json\/wp\/v2\/posts\/29467\/revisions\/29472"}],"wp:featuredmedia":[{"embeddable":true,"href":"https:\/\/www.saloanoticias.com\/v1\/wp-json\/wp\/v2\/media\/29468"}],"wp:attachment":[{"href":"https:\/\/www.saloanoticias.com\/v1\/wp-json\/wp\/v2\/media?parent=29467"}],"wp:term":[{"taxonomy":"category","embeddable":true,"href":"https:\/\/www.saloanoticias.com\/v1\/wp-json\/wp\/v2\/categories?post=29467"},{"taxonomy":"post_tag","embeddable":true,"href":"https:\/\/www.saloanoticias.com\/v1\/wp-json\/wp\/v2\/tags?post=29467"}],"curies":[{"name":"wp","href":"https:\/\/api.w.org\/{rel}","templated":true}]}}