{"id":2946,"date":"2016-10-14T18:00:00","date_gmt":"2016-10-14T18:00:00","guid":{"rendered":"https:\/\/saloanoticias.mrmediaweb.com\/v1\/2016\/10\/14\/gasolina-mais-barata-a-partir-de-amanha-nas-refinarias\/"},"modified":"2016-10-14T18:00:00","modified_gmt":"2016-10-14T18:00:00","slug":"gasolina-mais-barata-a-partir-de-amanha-nas-refinarias","status":"publish","type":"post","link":"https:\/\/www.saloanoticias.com\/v1\/gasolina-mais-barata-a-partir-de-amanha-nas-refinarias\/","title":{"rendered":"GASOLINA FICA MAIS BARATA A PARTIR DE AMANH\u00c3 NAS REFINARIAS DO PA\u00cdS"},"content":{"rendered":"<p align=\"justify\"><font size=\"3\" face=\"Arial\"><a href=\"http:\/\/www.saloanoticias.com\/images\/gasolina.jpg\"><img loading=\"lazy\" decoding=\"async\" title=\"gasolina\" style=\"border-top: 0px; border-right: 0px; background-image: none; border-bottom: 0px; float: left; padding-top: 0px; padding-left: 0px; margin: 5px 5px 0px 0px; border-left: 0px; display: inline; padding-right: 0px\" border=\"0\" alt=\"gasolina\" src=\"http:\/\/www.saloanoticias.com\/v1\/wp-content\/uploads\/imagens\/gasolina_thumb.jpg\" width=\"301\" align=\"left\" height=\"201\"><\/a>A Petrobras informou nesta sexta-feira (14) que reduzir\u00e1 o pre\u00e7o da gasolina e do diesel nas suas refinarias, pela primeira vez desde 2009. A diretoria executiva da companhia aprovou na v\u00e9spera a implanta\u00e7\u00e3o de uma nova pol\u00edtica de pre\u00e7os para esses combust\u00edveis, considerando o mercado internacional. <\/font><font size=\"3\" face=\"Arial\">A companhia decidiu reduzir o pre\u00e7o do diesel em 2,7% e da gasolina em 3,2% na refinaria. Esses pre\u00e7os entrar\u00e3o em vigor a partir da zero hora de s\u00e1bado (15).<\/font><\/p>\n<p align=\"justify\"><font size=\"3\" face=\"Arial\">&#8220;Pode-se esperar um maior n\u00famero de reajustes. A expectativa \u00e9 que a gente possa fazer uma avalia\u00e7\u00e3o mais r\u00e1pida dos nossos pre\u00e7os&#8221;, disse o presidente da Petrobras, Pedro Parente. <\/font><font size=\"3\" face=\"Arial\">Segundo a petroleira, se a redu\u00e7\u00e3o aplicada na refinaria for integralmente repassada ao consumidor final, na bomba dos postos, o diesel pode cair 1,8%, ou R$ 0,05 por litro. J\u00e1 a gasolina pode cair 1,4%, ou R$ 0,05 por litro. <strong><font size=\"2\">Fonte: Globo.com<\/font><\/strong><\/font><\/p>\n<div style=\"margin-top: 0px; margin-bottom: 0px;\" class=\"sharethis-inline-share-buttons\" ><\/div>","protected":false},"excerpt":{"rendered":"<p>A Petrobras informou nesta sexta-feira (14) que reduzir\u00e1 o pre\u00e7o da gasolina e do diesel nas suas refinarias, pela primeira vez desde 2009. A diretoria executiva da companhia aprovou na v\u00e9spera a implanta\u00e7\u00e3o de uma nova pol\u00edtica de pre\u00e7os para esses combust\u00edveis, considerando o mercado internacional. A companhia decidiu reduzir o pre\u00e7o do diesel em [&hellip;]<\/p>\n","protected":false},"author":1,"featured_media":0,"comment_status":"open","ping_status":"open","sticky":false,"template":"","format":"standard","meta":{"footnotes":""},"categories":[2],"tags":[],"class_list":["post-2946","post","type-post","status-publish","format-standard","hentry","category-noticias-do-dia"],"_links":{"self":[{"href":"https:\/\/www.saloanoticias.com\/v1\/wp-json\/wp\/v2\/posts\/2946","targetHints":{"allow":["GET"]}}],"collection":[{"href":"https:\/\/www.saloanoticias.com\/v1\/wp-json\/wp\/v2\/posts"}],"about":[{"href":"https:\/\/www.saloanoticias.com\/v1\/wp-json\/wp\/v2\/types\/post"}],"author":[{"embeddable":true,"href":"https:\/\/www.saloanoticias.com\/v1\/wp-json\/wp\/v2\/users\/1"}],"replies":[{"embeddable":true,"href":"https:\/\/www.saloanoticias.com\/v1\/wp-json\/wp\/v2\/comments?post=2946"}],"version-history":[{"count":0,"href":"https:\/\/www.saloanoticias.com\/v1\/wp-json\/wp\/v2\/posts\/2946\/revisions"}],"wp:attachment":[{"href":"https:\/\/www.saloanoticias.com\/v1\/wp-json\/wp\/v2\/media?parent=2946"}],"wp:term":[{"taxonomy":"category","embeddable":true,"href":"https:\/\/www.saloanoticias.com\/v1\/wp-json\/wp\/v2\/categories?post=2946"},{"taxonomy":"post_tag","embeddable":true,"href":"https:\/\/www.saloanoticias.com\/v1\/wp-json\/wp\/v2\/tags?post=2946"}],"curies":[{"name":"wp","href":"https:\/\/api.w.org\/{rel}","templated":true}]}}