{"id":29453,"date":"2025-09-12T15:19:52","date_gmt":"2025-09-12T18:19:52","guid":{"rendered":"https:\/\/www.saloanoticias.com\/v1\/?p=29453"},"modified":"2025-09-12T15:22:55","modified_gmt":"2025-09-12T18:22:55","slug":"nota-de-falecimento-maria-soraia-alves-cavalcante-cadengue","status":"publish","type":"post","link":"https:\/\/www.saloanoticias.com\/v1\/nota-de-falecimento-maria-soraia-alves-cavalcante-cadengue\/","title":{"rendered":"Nota de Falecimento: Maria Soraia Alves Cavalcante Cadengue"},"content":{"rendered":"\n<p>\u00c9 com profundo pesar que o esposo Dorgival Cadengue, os filhos Dorginho, Paulinho e Oswaldo, irm\u00e3os e nora, comunicam o falecimento da Sra. Maria Soraia Alves Cavalcante Cadengue.<\/p>\n\n\n\n<p>Informam ainda que o vel\u00f3rio ser\u00e1 realizado a partir das 19h no Audit\u00f3rio da Escola S\u00e3o Vicente, no centro de Salo\u00e1.<\/p>\n\n\n\n<p>O sepultamento acontecer\u00e1 neste s\u00e1bado (13), \u00e0s 10h, no Cemit\u00e9rio Santa Quit\u00e9ria. Desde j\u00e1, a fam\u00edlia agradece a todos que comparecerem a este ato de f\u00e9 e solidariedade crist\u00e3.<\/p>\n<div style=\"margin-top: 0px; margin-bottom: 0px;\" class=\"sharethis-inline-share-buttons\" ><\/div>","protected":false},"excerpt":{"rendered":"<p>\u00c9 com profundo pesar que o esposo Dorgival Cadengue, os filhos Dorginho, Paulinho e Oswaldo, irm\u00e3os e nora, comunicam o falecimento da Sra. Maria Soraia Alves Cavalcante Cadengue. Informam ainda que o vel\u00f3rio ser\u00e1 realizado a partir das 19h no Audit\u00f3rio da Escola S\u00e3o Vicente, no centro de Salo\u00e1. O sepultamento acontecer\u00e1 neste s\u00e1bado (13), [&hellip;]<\/p>\n","protected":false},"author":1,"featured_media":29454,"comment_status":"closed","ping_status":"closed","sticky":false,"template":"","format":"standard","meta":{"footnotes":""},"categories":[21],"tags":[22],"class_list":["post-29453","post","type-post","status-publish","format-standard","has-post-thumbnail","hentry","category-cidade","tag-destaques"],"_links":{"self":[{"href":"https:\/\/www.saloanoticias.com\/v1\/wp-json\/wp\/v2\/posts\/29453","targetHints":{"allow":["GET"]}}],"collection":[{"href":"https:\/\/www.saloanoticias.com\/v1\/wp-json\/wp\/v2\/posts"}],"about":[{"href":"https:\/\/www.saloanoticias.com\/v1\/wp-json\/wp\/v2\/types\/post"}],"author":[{"embeddable":true,"href":"https:\/\/www.saloanoticias.com\/v1\/wp-json\/wp\/v2\/users\/1"}],"replies":[{"embeddable":true,"href":"https:\/\/www.saloanoticias.com\/v1\/wp-json\/wp\/v2\/comments?post=29453"}],"version-history":[{"count":3,"href":"https:\/\/www.saloanoticias.com\/v1\/wp-json\/wp\/v2\/posts\/29453\/revisions"}],"predecessor-version":[{"id":29458,"href":"https:\/\/www.saloanoticias.com\/v1\/wp-json\/wp\/v2\/posts\/29453\/revisions\/29458"}],"wp:featuredmedia":[{"embeddable":true,"href":"https:\/\/www.saloanoticias.com\/v1\/wp-json\/wp\/v2\/media\/29454"}],"wp:attachment":[{"href":"https:\/\/www.saloanoticias.com\/v1\/wp-json\/wp\/v2\/media?parent=29453"}],"wp:term":[{"taxonomy":"category","embeddable":true,"href":"https:\/\/www.saloanoticias.com\/v1\/wp-json\/wp\/v2\/categories?post=29453"},{"taxonomy":"post_tag","embeddable":true,"href":"https:\/\/www.saloanoticias.com\/v1\/wp-json\/wp\/v2\/tags?post=29453"}],"curies":[{"name":"wp","href":"https:\/\/api.w.org\/{rel}","templated":true}]}}