{"id":2945,"date":"2016-10-14T11:00:00","date_gmt":"2016-10-14T11:00:00","guid":{"rendered":"https:\/\/saloanoticias.mrmediaweb.com\/v1\/2016\/10\/14\/lula-vira-reu-em-mais-uma-acao-da-lava-jato\/"},"modified":"2016-10-14T11:00:00","modified_gmt":"2016-10-14T11:00:00","slug":"lula-vira-reu-em-mais-uma-acao-da-lava-jato","status":"publish","type":"post","link":"https:\/\/www.saloanoticias.com\/v1\/lula-vira-reu-em-mais-uma-acao-da-lava-jato\/","title":{"rendered":"LULA VIRA R\u00c9U EM MAIS UMA A\u00c7\u00c3O DO MIN. P\u00daBLICO FEDERAL SOBRE A ODEBRECHT"},"content":{"rendered":"<p align=\"justify\"><font size=\"3\" face=\"Arial\"><a href=\"http:\/\/www.saloanoticias.com\/images\/lula13_c83c6d76b3cd6af7c3e02f4e397c4f79.jpg\"><img loading=\"lazy\" decoding=\"async\" title=\"Lula13\" style=\"border-top: 0px; border-right: 0px; background-image: none; border-bottom: 0px; float: left; padding-top: 0px; padding-left: 0px; margin: 5px 5px 0px 0px; border-left: 0px; display: inline; padding-right: 0px\" border=\"0\" alt=\"Lula13\" src=\"http:\/\/www.saloanoticias.com\/v1\/wp-content\/uploads\/imagens\/lula13_thumb_bfb5bd8e12ac745f37871b91df2fb603.jpg\" width=\"383\" align=\"left\" height=\"210\"><\/a>A Justi\u00e7a Federal aceitou nesta quinta-feira (13) den\u00fancia do Minist\u00e9rio P\u00fablico Federal contra o ex-presidente<strong> <\/strong>Lula, o empres\u00e1rio Marcelo Odebrecht e mais nove pessoas. <\/font><font size=\"3\" face=\"Arial\">Segundo a den\u00fancia, o ex-presidente teria interferido junto \u00e0 dire\u00e7\u00e3o do BNDES com a finalidade de garantir a libera\u00e7\u00e3o de financiamentos para a Odebrecht executar obras em Angola. <\/font><font size=\"3\" face=\"Arial\">Lula \u00e9 acusado de corrup\u00e7\u00e3o passiva pelo per\u00edodo em que esteve na Presid\u00eancia da Rep\u00fablica (2008 e 2010) e de tr\u00e1fico de influ\u00eancia por a\u00e7\u00f5es praticadas entre 2011 e 2015.<\/font>  <\/p>\n<p align=\"justify\"><font size=\"3\" face=\"Arial\">A den\u00fancia foi recebida pelo juiz Vallisney de Souza Oliveira, da 10\u00aa Vara Federal de Bras\u00edlia. Imediatamente, os advogados do ex-presidente divulgaram a seguinte nota: <\/font><em><font size=\"3\" face=\"Arial\">I- O ex-presidente Lula \u00e9 v\u00edtima de lawfare, que nada mais \u00e9 do que uma guerra travada por meio da manipula\u00e7\u00e3o das leis para atingir algu\u00e9m que foi eleito como inimigo pol\u00edtico. <\/font><\/em><em><font size=\"3\" face=\"Arial\">II- Uma das t\u00e1ticas de lawfare \u00e9 o uso de acusa\u00e7\u00f5es absurdas e sem provas. \u00c9 o que se verifica nessa den\u00fancia ofertada pelo Minist\u00e9rio P\u00fablico Federal, recebida hoje (13\/10\/2016) pela Justi\u00e7a Federal de Bras\u00edlia.<\/font><\/em>  <\/p>\n<p align=\"justify\"><em><font size=\"3\" face=\"Arial\">III- III- Nessa nova a\u00e7\u00e3o, Lula \u00e9 acusado pelo MPF de ter influenciado a concess\u00e3o de linhas de cr\u00e9dito de R$ 7 bilh\u00f5es para a Odebrecht e ter recebido, em contrapartida, um plano de sa\u00fade para seu irm\u00e3o e a remunera\u00e7\u00e3o por duas palestras que ele comprovadamente fez \u2013 em valores que s\u00e3o iguais aos contratos relativos \u00e0s demais palestras feitas pelo ex-presidente a 41 grupos empresariais. <\/font><\/em><em><font size=\"3\" face=\"Arial\">IV- Lula jamais interferiu na concess\u00e3o de qualquer financiamento do BNDES. Como \u00e9 p\u00fablico e not\u00f3rio, as decis\u00f5es tomadas por aquele banco s\u00e3o colegiadas e baseadas no trabalho t\u00e9cnico de um corpo qualificado de funcion\u00e1rios.<\/font><\/em>  <\/p>\n<p align=\"justify\"><em><font size=\"3\" face=\"Arial\">V- No prazo assinalado pelo juiz, ser\u00e1 apresentada a defesa t\u00e9cnica em favor de Lula, que demonstrar\u00e1 a aus\u00eancia dos requisitos legais necess\u00e1rios para o prosseguimento da a\u00e7\u00e3o e, ainda, que o ex-presidente n\u00e3o praticou qualquer dos crimes imputados \u2013 sem qualquer prova \u2013 pelo MPF. <strong><font size=\"2\">Fonte: Blog do Inaldo Sampaio<\/font><\/strong><\/font><\/em>  <\/p>\n<p align=\"justify\"><font size=\"3\" face=\"Arial\"><a href=\"http:\/\/www.saloanoticias.com\/images\/cunha_2db6d59d334095f79da5364c3f47f7b7.jpg\"><img loading=\"lazy\" decoding=\"async\" title=\"Cunha\" style=\"border-left-width: 0px; border-right-width: 0px; background-image: none; border-bottom-width: 0px; float: left; padding-top: 0px; padding-left: 0px; margin: 5px 5px 0px 0px; display: inline; padding-right: 0px; border-top-width: 0px\" border=\"0\" alt=\"Cunha\" src=\"http:\/\/www.saloanoticias.com\/v1\/wp-content\/uploads\/imagens\/cunha_thumb_e1548ff490c7b01daf1d40b6a2717cd9.jpg\" width=\"264\" align=\"left\" height=\"165\"><\/a>MORO RECEBE OUTRA DEN\u00daNCIA CONTRA CUNHA NA LAVA JATO; A a\u00e7\u00e3o contra o ex-deputado Eduardo Cunha (PMDB-RJ) chegou \u00e0 13\u00ba Vara de Curitiba para juiz federal S\u00e9rgio Moro, respons\u00e1vel pelas a\u00e7\u00f5es em primeira inst\u00e2ncia da Opera\u00e7\u00e3o Lava Jato, nesta quinta-feira (13). <\/font><font size=\"3\" face=\"Arial\">Moro acatou a den\u00fancia contra o deputado cassado e deu o prazo de dez dias para que Cunha apresente uma resposta. <\/font><font size=\"3\" face=\"Arial\">Ele \u00e9 acusado de receber cerca de R$ 2,4 milh\u00f5es em propinas para contratos firmados pela Petrobras em Benin, na \u00c1frica e usar contas na Su\u00ed\u00e7a para lava o dinheiro.<\/font>  <\/p>\n<p align=\"justify\"><font size=\"3\" face=\"Arial\">Por essa den\u00fancia ele \u00e9 r\u00e9u pelos crimes de corrup\u00e7\u00e3o passiva, lavagem de dinheiro, evas\u00e3o de divisas e falsidade ideol\u00f3gica com fins eleitorais. <\/font><font size=\"3\" face=\"Arial\">Cunha perdeu o direito ao foro privilegiado ap\u00f3s ter o mandato de deputado cassado na C\u00e2mara. <\/font><font size=\"3\" face=\"Arial\">O ministro Teori Zavaski do Supremo Tribunal Federal (STF) decidiu que a a\u00e7\u00e3o contra Cunha, em rela\u00e7\u00e3o as contas na Sui\u00e7a, fosse encaminhada ao juiz no dia 04 de outubro. <\/font><font size=\"3\" face=\"Arial\">Esta \u00e9 a primeira vez que o ex-parlamentar responder\u00e1 a um processo na Justi\u00e7a Federal do Paran\u00e1. No despacho, Moro determinou que a a\u00e7\u00e3o tramite sem qualquer sigilo.<\/font>  <\/p>\n<p align=\"justify\"><font size=\"3\" face=\"Arial\">A decis\u00e3o do STF \u2013 de enviar os autos para Curitiba \u2013 \u00e9 de setembro. No entanto, o ministro Teori Zavascki, relator dos processos ligados \u00e0 Opera\u00e7\u00e3o Lava Jato no Supremo, determinou que a remessa fosse realizada no dia 05 de outubro, data da publica\u00e7\u00e3o no Di\u00e1rio Oficial.&nbsp; A mulher de Cunha, a jornalista Cl\u00e1udia Cruz, tamb\u00e9m responde criminalmente. <\/font><font size=\"3\" face=\"Arial\">Al\u00e9m do caso remetido ao juiz S\u00e9rgio Moro, no Paran\u00e1, respons\u00e1vel pelas a\u00e7\u00f5es da Lava Jato na primeira inst\u00e2ncia, outro caso foi remetido para a Justi\u00e7a Federal do Rio de Janeiro: a den\u00fancia de que o ex-deputado teria cobrado vantagens indevidas em contratos de navios sonda da Petrobras.<\/font>  <\/p>\n<p align=\"justify\"><font size=\"3\" face=\"Arial\">O caso foi para a Justi\u00e7a Fluminense porque envolve a prefeita de Rio Bonito, a ex-deputada Solange Almeida, aliada de Cunha, que tem a prerrogativa de ser julgada pelo Tribunal Regional Federal do Rio de Janeiro. <strong><font size=\"2\">Fonte: Paran\u00e1 Portal<\/font><\/strong><\/font><\/p>\n<div style=\"margin-top: 0px; margin-bottom: 0px;\" class=\"sharethis-inline-share-buttons\" ><\/div>","protected":false},"excerpt":{"rendered":"<p>A Justi\u00e7a Federal aceitou nesta quinta-feira (13) den\u00fancia do Minist\u00e9rio P\u00fablico Federal contra o ex-presidente Lula, o empres\u00e1rio Marcelo Odebrecht e mais nove pessoas. Segundo a den\u00fancia, o ex-presidente teria interferido junto \u00e0 dire\u00e7\u00e3o do BNDES com a finalidade de garantir a libera\u00e7\u00e3o de financiamentos para a Odebrecht executar obras em Angola. Lula \u00e9 acusado [&hellip;]<\/p>\n","protected":false},"author":1,"featured_media":0,"comment_status":"open","ping_status":"open","sticky":false,"template":"","format":"standard","meta":{"footnotes":""},"categories":[2],"tags":[],"class_list":["post-2945","post","type-post","status-publish","format-standard","hentry","category-noticias-do-dia"],"_links":{"self":[{"href":"https:\/\/www.saloanoticias.com\/v1\/wp-json\/wp\/v2\/posts\/2945","targetHints":{"allow":["GET"]}}],"collection":[{"href":"https:\/\/www.saloanoticias.com\/v1\/wp-json\/wp\/v2\/posts"}],"about":[{"href":"https:\/\/www.saloanoticias.com\/v1\/wp-json\/wp\/v2\/types\/post"}],"author":[{"embeddable":true,"href":"https:\/\/www.saloanoticias.com\/v1\/wp-json\/wp\/v2\/users\/1"}],"replies":[{"embeddable":true,"href":"https:\/\/www.saloanoticias.com\/v1\/wp-json\/wp\/v2\/comments?post=2945"}],"version-history":[{"count":0,"href":"https:\/\/www.saloanoticias.com\/v1\/wp-json\/wp\/v2\/posts\/2945\/revisions"}],"wp:attachment":[{"href":"https:\/\/www.saloanoticias.com\/v1\/wp-json\/wp\/v2\/media?parent=2945"}],"wp:term":[{"taxonomy":"category","embeddable":true,"href":"https:\/\/www.saloanoticias.com\/v1\/wp-json\/wp\/v2\/categories?post=2945"},{"taxonomy":"post_tag","embeddable":true,"href":"https:\/\/www.saloanoticias.com\/v1\/wp-json\/wp\/v2\/tags?post=2945"}],"curies":[{"name":"wp","href":"https:\/\/api.w.org\/{rel}","templated":true}]}}