{"id":29447,"date":"2025-09-11T12:03:56","date_gmt":"2025-09-11T15:03:56","guid":{"rendered":"https:\/\/www.saloanoticias.com\/v1\/?p=29447"},"modified":"2025-09-11T12:09:43","modified_gmt":"2025-09-11T15:09:43","slug":"camara-de-saloa-realiza-audiencia-publica-sobre-cadastro-biometrico-com-presenca-de-desembargador-do-tre-pe","status":"publish","type":"post","link":"https:\/\/www.saloanoticias.com\/v1\/camara-de-saloa-realiza-audiencia-publica-sobre-cadastro-biometrico-com-presenca-de-desembargador-do-tre-pe\/","title":{"rendered":"C\u00e2mara de Salo\u00e1 realiza Audi\u00eancia P\u00fablica sobre cadastro biom\u00e9trico com presen\u00e7a de desembargador do TRE-PE"},"content":{"rendered":"\n<p>A C\u00e2mara Municipal de Salo\u00e1, em parceria com o Tribunal Regional Eleitoral de Pernambuco (TRE-PE), realizar\u00e1 na pr\u00f3xima sexta-feira, dia 12 de setembro de 2025, uma Audi\u00eancia P\u00fablica voltada \u00e0 conscientiza\u00e7\u00e3o da popula\u00e7\u00e3o sobre a import\u00e2ncia do cadastro biom\u00e9trico eleitoral. O encontro est\u00e1 marcado para \u00e0s 9h30, na sede do Poder Legislativo Municipal.<\/p>\n\n\n\n<p>O evento contar\u00e1 com a presen\u00e7a do desembargador C\u00e2ndido Jos\u00e9 da Fonte Saraiva de Moraes, uma das maiores autoridades do TRE-PE, refor\u00e7ando a relev\u00e2ncia da iniciativa para o munic\u00edpio.<\/p>\n\n\n\n<p>De acordo com a organiza\u00e7\u00e3o, a audi\u00eancia tem como objetivo sensibilizar e mobilizar as lideran\u00e7as locais para ampliar a ades\u00e3o da comunidade ao cadastramento biom\u00e9trico, etapa fundamental para garantir maior seguran\u00e7a, transpar\u00eancia e agilidade no processo eleitoral.<\/p>\n\n\n\n<p>A expectativa \u00e9 que representantes de institui\u00e7\u00f5es, autoridades municipais, lideran\u00e7as comunit\u00e1rias e a popula\u00e7\u00e3o em geral participem da audi\u00eancia, refor\u00e7ando o compromisso coletivo com a democracia e a cidadania.<\/p>\n\n\n\n<figure class=\"wp-block-embed aligncenter is-type-video is-provider-youtube wp-block-embed-youtube wp-embed-aspect-9-16 wp-has-aspect-ratio\"><div class=\"wp-block-embed__wrapper\">\n<iframe loading=\"lazy\" title=\"TRE realiza recadastramento biom\u00e9trico na cidade de Salo\u00e1\/PE\" width=\"563\" height=\"1000\" src=\"https:\/\/www.youtube.com\/embed\/uPTEFBNBXbM?feature=oembed\" frameborder=\"0\" allow=\"accelerometer; autoplay; clipboard-write; encrypted-media; gyroscope; picture-in-picture; web-share\" referrerpolicy=\"strict-origin-when-cross-origin\" allowfullscreen><\/iframe>\n<\/div><\/figure>\n<div style=\"margin-top: 0px; margin-bottom: 0px;\" class=\"sharethis-inline-share-buttons\" ><\/div>","protected":false},"excerpt":{"rendered":"<p>A C\u00e2mara Municipal de Salo\u00e1, em parceria com o Tribunal Regional Eleitoral de Pernambuco (TRE-PE), realizar\u00e1 na pr\u00f3xima sexta-feira, dia 12 de setembro de 2025, uma Audi\u00eancia P\u00fablica voltada \u00e0 conscientiza\u00e7\u00e3o da popula\u00e7\u00e3o sobre a import\u00e2ncia do cadastro biom\u00e9trico eleitoral. O encontro est\u00e1 marcado para \u00e0s 9h30, na sede do Poder Legislativo Municipal. O evento [&hellip;]<\/p>\n","protected":false},"author":1,"featured_media":29448,"comment_status":"closed","ping_status":"closed","sticky":false,"template":"","format":"standard","meta":{"footnotes":""},"categories":[21],"tags":[22],"class_list":["post-29447","post","type-post","status-publish","format-standard","has-post-thumbnail","hentry","category-cidade","tag-destaques"],"_links":{"self":[{"href":"https:\/\/www.saloanoticias.com\/v1\/wp-json\/wp\/v2\/posts\/29447","targetHints":{"allow":["GET"]}}],"collection":[{"href":"https:\/\/www.saloanoticias.com\/v1\/wp-json\/wp\/v2\/posts"}],"about":[{"href":"https:\/\/www.saloanoticias.com\/v1\/wp-json\/wp\/v2\/types\/post"}],"author":[{"embeddable":true,"href":"https:\/\/www.saloanoticias.com\/v1\/wp-json\/wp\/v2\/users\/1"}],"replies":[{"embeddable":true,"href":"https:\/\/www.saloanoticias.com\/v1\/wp-json\/wp\/v2\/comments?post=29447"}],"version-history":[{"count":2,"href":"https:\/\/www.saloanoticias.com\/v1\/wp-json\/wp\/v2\/posts\/29447\/revisions"}],"predecessor-version":[{"id":29450,"href":"https:\/\/www.saloanoticias.com\/v1\/wp-json\/wp\/v2\/posts\/29447\/revisions\/29450"}],"wp:featuredmedia":[{"embeddable":true,"href":"https:\/\/www.saloanoticias.com\/v1\/wp-json\/wp\/v2\/media\/29448"}],"wp:attachment":[{"href":"https:\/\/www.saloanoticias.com\/v1\/wp-json\/wp\/v2\/media?parent=29447"}],"wp:term":[{"taxonomy":"category","embeddable":true,"href":"https:\/\/www.saloanoticias.com\/v1\/wp-json\/wp\/v2\/categories?post=29447"},{"taxonomy":"post_tag","embeddable":true,"href":"https:\/\/www.saloanoticias.com\/v1\/wp-json\/wp\/v2\/tags?post=29447"}],"curies":[{"name":"wp","href":"https:\/\/api.w.org\/{rel}","templated":true}]}}