{"id":2943,"date":"2016-10-14T14:00:00","date_gmt":"2016-10-14T14:00:00","guid":{"rendered":"https:\/\/saloanoticias.mrmediaweb.com\/v1\/2016\/10\/14\/studio-jf-agora-faz-cobertura-de-festas-com-drone\/"},"modified":"2016-10-14T14:00:00","modified_gmt":"2016-10-14T14:00:00","slug":"studio-jf-agora-faz-cobertura-de-festas-com-drone","status":"publish","type":"post","link":"https:\/\/www.saloanoticias.com\/v1\/studio-jf-agora-faz-cobertura-de-festas-com-drone\/","title":{"rendered":"\u201cST\u00daDIO JF\u201d AGORA FAZ AS COBERTURAS DE EVENTOS COM \u201cDRONE\u201d"},"content":{"rendered":"<p align=\"justify\"><font size=\"3\" face=\"Arial\"><a href=\"http:\/\/www.saloanoticias.com\/images\/jf_512a63c3275a96d4151f580a09ef0c35.jpg\"><img loading=\"lazy\" decoding=\"async\" title=\"jf\" style=\"border-top: 0px; border-right: 0px; background-image: none; border-bottom: 0px; float: none; padding-top: 0px; padding-left: 0px; margin: 0px auto 10px; border-left: 0px; display: block; padding-right: 0px\" border=\"0\" alt=\"jf\" src=\"http:\/\/www.saloanoticias.com\/v1\/wp-content\/uploads\/imagens\/jf_thumb.jpg\" width=\"1307\" height=\"890\"><\/a>A St\u00fadio JF \u00e9 uma empresa de renome que presta relevantes servi\u00e7os a nossa comunidade e busca a cada dia inovar para melhor servir a todos. Sendo assim, o centro de fotografias e filmagens \u201cSt\u00fadio JF\u201d que tem a dire\u00e7\u00e3o geral de Jorge e Cl\u00e1udia est\u00e1 com o servi\u00e7o de fotos e filmagens atrav\u00e9s de \u201cDrone\u201d. H\u00e1 v\u00e1rios anos no mercado, o St\u00fadio JF oferece uma gama de servi\u00e7os de qualidade a todos os clientes e amigos que precisarem de uma cobertura de eventos com uma excelente qualidade em som e imagens.<\/font>  <\/p>\n<p align=\"justify\"><font size=\"3\" face=\"Arial\">Com equipamentos de \u00faltima gera\u00e7\u00e3o, e agora com \u201cDrone\u201d, a empresa cobre casamentos, batizados, anivers\u00e1rios, formaturas e os demais eventos em geral. <\/font><font size=\"3\" face=\"Arial\">Entre em contato hoje mesmo com a nossa central de agendamentos e comprove o que estamos anunciando. A St\u00fadio JF fica localizado na Avenida Get\u00falio Vargas, n.\u00ba 02, no centro de Salo\u00e1\/PE, e possui os seguintes telefones de contato: <strong>(87) 98124.0732<\/strong> ou <strong>(87) 98101.7634<\/strong>. St\u00fadio JF, sempre com a maior qualidade e sofistica\u00e7\u00e3o !<\/font><\/p>\n<div style=\"margin-top: 0px; margin-bottom: 0px;\" class=\"sharethis-inline-share-buttons\" ><\/div>","protected":false},"excerpt":{"rendered":"<p>A St\u00fadio JF \u00e9 uma empresa de renome que presta relevantes servi\u00e7os a nossa comunidade e busca a cada dia inovar para melhor servir a todos. Sendo assim, o centro de fotografias e filmagens \u201cSt\u00fadio JF\u201d que tem a dire\u00e7\u00e3o geral de Jorge e Cl\u00e1udia est\u00e1 com o servi\u00e7o de fotos e filmagens atrav\u00e9s de [&hellip;]<\/p>\n","protected":false},"author":1,"featured_media":0,"comment_status":"open","ping_status":"open","sticky":false,"template":"","format":"standard","meta":{"footnotes":""},"categories":[2],"tags":[],"class_list":["post-2943","post","type-post","status-publish","format-standard","hentry","category-noticias-do-dia"],"_links":{"self":[{"href":"https:\/\/www.saloanoticias.com\/v1\/wp-json\/wp\/v2\/posts\/2943","targetHints":{"allow":["GET"]}}],"collection":[{"href":"https:\/\/www.saloanoticias.com\/v1\/wp-json\/wp\/v2\/posts"}],"about":[{"href":"https:\/\/www.saloanoticias.com\/v1\/wp-json\/wp\/v2\/types\/post"}],"author":[{"embeddable":true,"href":"https:\/\/www.saloanoticias.com\/v1\/wp-json\/wp\/v2\/users\/1"}],"replies":[{"embeddable":true,"href":"https:\/\/www.saloanoticias.com\/v1\/wp-json\/wp\/v2\/comments?post=2943"}],"version-history":[{"count":0,"href":"https:\/\/www.saloanoticias.com\/v1\/wp-json\/wp\/v2\/posts\/2943\/revisions"}],"wp:attachment":[{"href":"https:\/\/www.saloanoticias.com\/v1\/wp-json\/wp\/v2\/media?parent=2943"}],"wp:term":[{"taxonomy":"category","embeddable":true,"href":"https:\/\/www.saloanoticias.com\/v1\/wp-json\/wp\/v2\/categories?post=2943"},{"taxonomy":"post_tag","embeddable":true,"href":"https:\/\/www.saloanoticias.com\/v1\/wp-json\/wp\/v2\/tags?post=2943"}],"curies":[{"name":"wp","href":"https:\/\/api.w.org\/{rel}","templated":true}]}}