{"id":29414,"date":"2025-09-04T23:42:14","date_gmt":"2025-09-05T02:42:14","guid":{"rendered":"https:\/\/www.saloanoticias.com\/v1\/?p=29414"},"modified":"2025-09-04T23:42:58","modified_gmt":"2025-09-05T02:42:58","slug":"saloa-realiza-a-11a-conferencia-municipal-de-saude-com-ampla-participacao-popular","status":"publish","type":"post","link":"https:\/\/www.saloanoticias.com\/v1\/saloa-realiza-a-11a-conferencia-municipal-de-saude-com-ampla-participacao-popular\/","title":{"rendered":"Salo\u00e1 realiza a 11\u00aa Confer\u00eancia Municipal de Sa\u00fade com ampla participa\u00e7\u00e3o popular"},"content":{"rendered":"\n<p>A Prefeitura de Salo\u00e1, atrav\u00e9s da Secretaria Municipal de Sa\u00fade e do Conselho Municipal de Sa\u00fade, realizou nesta ter\u00e7a-feira (02\/09) a 11\u00aa Confer\u00eancia Municipal de Sa\u00fade, com o tema \u201cFortalecimento do SUS no territ\u00f3rio: planejamento participativo para o futuro da sa\u00fade municipal\u201d.<\/p>\n\n\n\n<p>O evento reuniu profissionais das Unidades B\u00e1sicas de Sa\u00fade (UBSs), autoridades locais, representantes da sociedade civil e a comunidade em geral. Durante a confer\u00eancia, foram discutidas propostas e elaboradas diretrizes que ir\u00e3o compor o Plano Municipal de Sa\u00fade 2026-2029, refor\u00e7ando o compromisso com a melhoria dos servi\u00e7os de sa\u00fade e o fortalecimento do SUS em Salo\u00e1.<\/p>\n\n\n\n<p>A participa\u00e7\u00e3o popular foi fundamental para garantir um processo democr\u00e1tico e transparente, alinhado \u00e0s necessidades da popula\u00e7\u00e3o. <em>Fonte: Site da Prefeitura de Salo\u00e1<\/em><\/p>\n\n\n<div class=\"wp-block-image\">\n<figure class=\"aligncenter size-large\"><img loading=\"lazy\" decoding=\"async\" width=\"1024\" height=\"678\" src=\"https:\/\/www.saloanoticias.com\/v1\/wp-content\/uploads\/2025\/09\/IMG_4528-2048x1356-1-1024x678.jpeg\" alt=\"\" class=\"wp-image-29416\" srcset=\"https:\/\/www.saloanoticias.com\/v1\/wp-content\/uploads\/2025\/09\/IMG_4528-2048x1356-1-1024x678.jpeg 1024w, https:\/\/www.saloanoticias.com\/v1\/wp-content\/uploads\/2025\/09\/IMG_4528-2048x1356-1-300x199.jpeg 300w, https:\/\/www.saloanoticias.com\/v1\/wp-content\/uploads\/2025\/09\/IMG_4528-2048x1356-1-768x509.jpeg 768w, https:\/\/www.saloanoticias.com\/v1\/wp-content\/uploads\/2025\/09\/IMG_4528-2048x1356-1-1536x1017.jpeg 1536w, https:\/\/www.saloanoticias.com\/v1\/wp-content\/uploads\/2025\/09\/IMG_4528-2048x1356-1.jpeg 2048w\" sizes=\"auto, (max-width: 1024px) 100vw, 1024px\" \/><\/figure>\n<\/div><div style=\"margin-top: 0px; margin-bottom: 0px;\" class=\"sharethis-inline-share-buttons\" ><\/div>","protected":false},"excerpt":{"rendered":"<p>A Prefeitura de Salo\u00e1, atrav\u00e9s da Secretaria Municipal de Sa\u00fade e do Conselho Municipal de Sa\u00fade, realizou nesta ter\u00e7a-feira (02\/09) a 11\u00aa Confer\u00eancia Municipal de Sa\u00fade, com o tema \u201cFortalecimento do SUS no territ\u00f3rio: planejamento participativo para o futuro da sa\u00fade municipal\u201d. O evento reuniu profissionais das Unidades B\u00e1sicas de Sa\u00fade (UBSs), autoridades locais, representantes [&hellip;]<\/p>\n","protected":false},"author":1,"featured_media":29415,"comment_status":"closed","ping_status":"closed","sticky":false,"template":"","format":"standard","meta":{"footnotes":""},"categories":[18],"tags":[22],"class_list":["post-29414","post","type-post","status-publish","format-standard","has-post-thumbnail","hentry","category-saude","tag-destaques"],"_links":{"self":[{"href":"https:\/\/www.saloanoticias.com\/v1\/wp-json\/wp\/v2\/posts\/29414","targetHints":{"allow":["GET"]}}],"collection":[{"href":"https:\/\/www.saloanoticias.com\/v1\/wp-json\/wp\/v2\/posts"}],"about":[{"href":"https:\/\/www.saloanoticias.com\/v1\/wp-json\/wp\/v2\/types\/post"}],"author":[{"embeddable":true,"href":"https:\/\/www.saloanoticias.com\/v1\/wp-json\/wp\/v2\/users\/1"}],"replies":[{"embeddable":true,"href":"https:\/\/www.saloanoticias.com\/v1\/wp-json\/wp\/v2\/comments?post=29414"}],"version-history":[{"count":1,"href":"https:\/\/www.saloanoticias.com\/v1\/wp-json\/wp\/v2\/posts\/29414\/revisions"}],"predecessor-version":[{"id":29417,"href":"https:\/\/www.saloanoticias.com\/v1\/wp-json\/wp\/v2\/posts\/29414\/revisions\/29417"}],"wp:featuredmedia":[{"embeddable":true,"href":"https:\/\/www.saloanoticias.com\/v1\/wp-json\/wp\/v2\/media\/29415"}],"wp:attachment":[{"href":"https:\/\/www.saloanoticias.com\/v1\/wp-json\/wp\/v2\/media?parent=29414"}],"wp:term":[{"taxonomy":"category","embeddable":true,"href":"https:\/\/www.saloanoticias.com\/v1\/wp-json\/wp\/v2\/categories?post=29414"},{"taxonomy":"post_tag","embeddable":true,"href":"https:\/\/www.saloanoticias.com\/v1\/wp-json\/wp\/v2\/tags?post=29414"}],"curies":[{"name":"wp","href":"https:\/\/api.w.org\/{rel}","templated":true}]}}