{"id":29409,"date":"2025-09-03T16:07:19","date_gmt":"2025-09-03T19:07:19","guid":{"rendered":"https:\/\/www.saloanoticias.com\/v1\/?p=29409"},"modified":"2025-09-03T18:15:33","modified_gmt":"2025-09-03T21:15:33","slug":"tce-recomenda-aprovacao-das-contas-do-prefeito-de-saloa-referentes-a-2023","status":"publish","type":"post","link":"https:\/\/www.saloanoticias.com\/v1\/tce-recomenda-aprovacao-das-contas-do-prefeito-de-saloa-referentes-a-2023\/","title":{"rendered":"TCE recomenda aprova\u00e7\u00e3o das contas do prefeito de Salo\u00e1 referentes a 2023"},"content":{"rendered":"\n<p>O Tribunal de Contas do Estado de Pernambuco (TCE-PE) reformou, nesta ter\u00e7a-feira (3), a decis\u00e3o da Primeira C\u00e2mara que havia rejeitado as contas do exerc\u00edcio financeiro de 2023 do prefeito de Salo\u00e1, Rivaldo Alves de Souza J\u00fanior.<\/p>\n\n\n\n<p>O processo, registrado sob o n\u00famero 24100626-0, teve como relator o conselheiro substituto e foi apreciado pelo Pleno da Corte. O recurso ordin\u00e1rio foi interposto pelo gestor, representado pelo advogado Luciclaudio Gois de Oliveira Silva (OAB\/PE 21523), contra o parecer inicial que rejeitava as contas de governo.<\/p>\n\n\n\n<p>No julgamento, os conselheiros, por unanimidade, conheceram do recurso e, no m\u00e9rito, deram-lhe provimento, emitindo novo parecer pr\u00e9vio que recomenda \u00e0 C\u00e2mara Municipal de Salo\u00e1 a aprova\u00e7\u00e3o, com ressalvas, das contas do prefeito referentes ao ano de 2023.<\/p>\n\n\n\n<p>Apesar da mudan\u00e7a de posi\u00e7\u00e3o, o TCE manteve todas as recomenda\u00e7\u00f5es expedidas no pronunciamento anterior, agora reformado, para que sejam observadas pela gest\u00e3o municipal. Com a decis\u00e3o, caber\u00e1 ao Legislativo de Salo\u00e1 analisar o parecer do Tribunal e votar a aprova\u00e7\u00e3o das contas do prefeito.<\/p>\n<div style=\"margin-top: 0px; margin-bottom: 0px;\" class=\"sharethis-inline-share-buttons\" ><\/div>","protected":false},"excerpt":{"rendered":"<p>O Tribunal de Contas do Estado de Pernambuco (TCE-PE) reformou, nesta ter\u00e7a-feira (3), a decis\u00e3o da Primeira C\u00e2mara que havia rejeitado as contas do exerc\u00edcio financeiro de 2023 do prefeito de Salo\u00e1, Rivaldo Alves de Souza J\u00fanior. O processo, registrado sob o n\u00famero 24100626-0, teve como relator o conselheiro substituto e foi apreciado pelo Pleno [&hellip;]<\/p>\n","protected":false},"author":1,"featured_media":29411,"comment_status":"closed","ping_status":"closed","sticky":false,"template":"","format":"standard","meta":{"footnotes":""},"categories":[21],"tags":[22],"class_list":["post-29409","post","type-post","status-publish","format-standard","has-post-thumbnail","hentry","category-cidade","tag-destaques"],"_links":{"self":[{"href":"https:\/\/www.saloanoticias.com\/v1\/wp-json\/wp\/v2\/posts\/29409","targetHints":{"allow":["GET"]}}],"collection":[{"href":"https:\/\/www.saloanoticias.com\/v1\/wp-json\/wp\/v2\/posts"}],"about":[{"href":"https:\/\/www.saloanoticias.com\/v1\/wp-json\/wp\/v2\/types\/post"}],"author":[{"embeddable":true,"href":"https:\/\/www.saloanoticias.com\/v1\/wp-json\/wp\/v2\/users\/1"}],"replies":[{"embeddable":true,"href":"https:\/\/www.saloanoticias.com\/v1\/wp-json\/wp\/v2\/comments?post=29409"}],"version-history":[{"count":3,"href":"https:\/\/www.saloanoticias.com\/v1\/wp-json\/wp\/v2\/posts\/29409\/revisions"}],"predecessor-version":[{"id":29413,"href":"https:\/\/www.saloanoticias.com\/v1\/wp-json\/wp\/v2\/posts\/29409\/revisions\/29413"}],"wp:featuredmedia":[{"embeddable":true,"href":"https:\/\/www.saloanoticias.com\/v1\/wp-json\/wp\/v2\/media\/29411"}],"wp:attachment":[{"href":"https:\/\/www.saloanoticias.com\/v1\/wp-json\/wp\/v2\/media?parent=29409"}],"wp:term":[{"taxonomy":"category","embeddable":true,"href":"https:\/\/www.saloanoticias.com\/v1\/wp-json\/wp\/v2\/categories?post=29409"},{"taxonomy":"post_tag","embeddable":true,"href":"https:\/\/www.saloanoticias.com\/v1\/wp-json\/wp\/v2\/tags?post=29409"}],"curies":[{"name":"wp","href":"https:\/\/api.w.org\/{rel}","templated":true}]}}