{"id":29405,"date":"2025-09-03T11:46:34","date_gmt":"2025-09-03T14:46:34","guid":{"rendered":"https:\/\/www.saloanoticias.com\/v1\/?p=29405"},"modified":"2025-09-03T11:48:55","modified_gmt":"2025-09-03T14:48:55","slug":"jose-neto-conquista-titulo-na-2a-etapa-do-campeonato-pernambucano-de-judo","status":"publish","type":"post","link":"https:\/\/www.saloanoticias.com\/v1\/jose-neto-conquista-titulo-na-2a-etapa-do-campeonato-pernambucano-de-judo\/","title":{"rendered":"Jos\u00e9 Neto conquista t\u00edtulo na 2\u00aa Etapa do Campeonato Pernambucano de Jud\u00f4"},"content":{"rendered":"\n<p>O atleta saloaense Jos\u00e9 Neto brilhou neste fim de semana na cidade de S\u00e3o Louren\u00e7o da Mata, ao disputar a 2\u00aa Etapa do Campeonato Pernambucano de Jud\u00f4, na categoria at\u00e9 90 kg. Com 1,86m de altura e 85 kg, Neto mostrou t\u00e9cnica e determina\u00e7\u00e3o, conquistando o t\u00edtulo de campe\u00e3o.<\/p>\n\n\n\n<p>Com a vit\u00f3ria, o judoca garantiu vaga na grande final do campeonato, que promete uma disputa acirrada contra um atleta da capital. A decis\u00e3o pelo t\u00edtulo de Campe\u00e3o Pernambucano Geral est\u00e1 marcada para o dia 22 de novembro, no Recife.<\/p>\n\n\n\n<p>No ano passado, Jos\u00e9 Neto j\u00e1 havia feito hist\u00f3ria ao conquistar o t\u00edtulo de Campe\u00e3o Geral na categoria 73 kg, honraria entregue pelo presidente da Federa\u00e7\u00e3o Pernambucana de Jud\u00f4.<\/p>\n\n\n\n<p>Agora, a expectativa \u00e9 que o atleta repita o feito e traga, mais uma vez, o t\u00edtulo estadual para o munic\u00edpio de Salo\u00e1. Neto \u00e9 treinado pelo renomado sensei Carlos Tevano.<\/p>\n<div style=\"margin-top: 0px; margin-bottom: 0px;\" class=\"sharethis-inline-share-buttons\" ><\/div>","protected":false},"excerpt":{"rendered":"<p>O atleta saloaense Jos\u00e9 Neto brilhou neste fim de semana na cidade de S\u00e3o Louren\u00e7o da Mata, ao disputar a 2\u00aa Etapa do Campeonato Pernambucano de Jud\u00f4, na categoria at\u00e9 90 kg. Com 1,86m de altura e 85 kg, Neto mostrou t\u00e9cnica e determina\u00e7\u00e3o, conquistando o t\u00edtulo de campe\u00e3o. Com a vit\u00f3ria, o judoca garantiu [&hellip;]<\/p>\n","protected":false},"author":1,"featured_media":29406,"comment_status":"closed","ping_status":"closed","sticky":false,"template":"","format":"standard","meta":{"footnotes":""},"categories":[27],"tags":[22],"class_list":["post-29405","post","type-post","status-publish","format-standard","has-post-thumbnail","hentry","category-esportes","tag-destaques"],"_links":{"self":[{"href":"https:\/\/www.saloanoticias.com\/v1\/wp-json\/wp\/v2\/posts\/29405","targetHints":{"allow":["GET"]}}],"collection":[{"href":"https:\/\/www.saloanoticias.com\/v1\/wp-json\/wp\/v2\/posts"}],"about":[{"href":"https:\/\/www.saloanoticias.com\/v1\/wp-json\/wp\/v2\/types\/post"}],"author":[{"embeddable":true,"href":"https:\/\/www.saloanoticias.com\/v1\/wp-json\/wp\/v2\/users\/1"}],"replies":[{"embeddable":true,"href":"https:\/\/www.saloanoticias.com\/v1\/wp-json\/wp\/v2\/comments?post=29405"}],"version-history":[{"count":2,"href":"https:\/\/www.saloanoticias.com\/v1\/wp-json\/wp\/v2\/posts\/29405\/revisions"}],"predecessor-version":[{"id":29408,"href":"https:\/\/www.saloanoticias.com\/v1\/wp-json\/wp\/v2\/posts\/29405\/revisions\/29408"}],"wp:featuredmedia":[{"embeddable":true,"href":"https:\/\/www.saloanoticias.com\/v1\/wp-json\/wp\/v2\/media\/29406"}],"wp:attachment":[{"href":"https:\/\/www.saloanoticias.com\/v1\/wp-json\/wp\/v2\/media?parent=29405"}],"wp:term":[{"taxonomy":"category","embeddable":true,"href":"https:\/\/www.saloanoticias.com\/v1\/wp-json\/wp\/v2\/categories?post=29405"},{"taxonomy":"post_tag","embeddable":true,"href":"https:\/\/www.saloanoticias.com\/v1\/wp-json\/wp\/v2\/tags?post=29405"}],"curies":[{"name":"wp","href":"https:\/\/api.w.org\/{rel}","templated":true}]}}