{"id":29319,"date":"2025-08-24T11:03:53","date_gmt":"2025-08-24T14:03:53","guid":{"rendered":"https:\/\/www.saloanoticias.com\/v1\/?p=29319"},"modified":"2025-08-24T11:03:54","modified_gmt":"2025-08-24T14:03:54","slug":"vereadores-de-saloa-participam-do-ix-congresso-nacional-de-agentes-publicos-e-politicos-em-piranhas-al","status":"publish","type":"post","link":"https:\/\/www.saloanoticias.com\/v1\/vereadores-de-saloa-participam-do-ix-congresso-nacional-de-agentes-publicos-e-politicos-em-piranhas-al\/","title":{"rendered":"Vereadores de Salo\u00e1 participam do IX Congresso Nacional de Agentes P\u00fablicos e Pol\u00edticos em Piranhas\/AL"},"content":{"rendered":"\n<p>Os vereadores Jamel\u00e3o, Ana Alves, Z\u00e9 Cabeleireiro, Tisleyzinho, Lubiano, Manoel de Artur e Lib\u00e2nea Miranda, que comp\u00f5em a C\u00e2mara Municipal de Salo\u00e1, participaram nesta semana do IX Congresso Nacional de Agentes P\u00fablicos e Pol\u00edticos, realizado na cidade de Piranhas, em Alagoas.<\/p>\n\n\n\n<p>O evento reuniu representantes de todo o pa\u00eds com o objetivo de promover o aprimoramento da gest\u00e3o p\u00fablica e o fortalecimento do papel do legislativo municipal. Ao longo do congresso, os parlamentares saloaenses participaram de palestras, oficinas e debates que abordaram temas como transpar\u00eancia, inova\u00e7\u00e3o na gest\u00e3o, pol\u00edticas p\u00fablicas eficientes, \u00e9tica na vida pol\u00edtica e os desafios do legislativo nos munic\u00edpios.<\/p>\n\n\n\n<p>A presen\u00e7a da comitiva de Salo\u00e1 no congresso refor\u00e7a o compromisso da C\u00e2mara Municipal com a qualifica\u00e7\u00e3o e a atualiza\u00e7\u00e3o cont\u00ednua de seus representantes, visando aprimorar o trabalho legislativo e contribuir com pol\u00edticas cada vez mais eficazes para a popula\u00e7\u00e3o.<\/p>\n<div style=\"margin-top: 0px; margin-bottom: 0px;\" class=\"sharethis-inline-share-buttons\" ><\/div>","protected":false},"excerpt":{"rendered":"<p>Os vereadores Jamel\u00e3o, Ana Alves, Z\u00e9 Cabeleireiro, Tisleyzinho, Lubiano, Manoel de Artur e Lib\u00e2nea Miranda, que comp\u00f5em a C\u00e2mara Municipal de Salo\u00e1, participaram nesta semana do IX Congresso Nacional de Agentes P\u00fablicos e Pol\u00edticos, realizado na cidade de Piranhas, em Alagoas. O evento reuniu representantes de todo o pa\u00eds com o objetivo de promover o [&hellip;]<\/p>\n","protected":false},"author":1,"featured_media":29320,"comment_status":"closed","ping_status":"closed","sticky":false,"template":"","format":"standard","meta":{"footnotes":""},"categories":[21],"tags":[22],"class_list":["post-29319","post","type-post","status-publish","format-standard","has-post-thumbnail","hentry","category-cidade","tag-destaques"],"_links":{"self":[{"href":"https:\/\/www.saloanoticias.com\/v1\/wp-json\/wp\/v2\/posts\/29319","targetHints":{"allow":["GET"]}}],"collection":[{"href":"https:\/\/www.saloanoticias.com\/v1\/wp-json\/wp\/v2\/posts"}],"about":[{"href":"https:\/\/www.saloanoticias.com\/v1\/wp-json\/wp\/v2\/types\/post"}],"author":[{"embeddable":true,"href":"https:\/\/www.saloanoticias.com\/v1\/wp-json\/wp\/v2\/users\/1"}],"replies":[{"embeddable":true,"href":"https:\/\/www.saloanoticias.com\/v1\/wp-json\/wp\/v2\/comments?post=29319"}],"version-history":[{"count":1,"href":"https:\/\/www.saloanoticias.com\/v1\/wp-json\/wp\/v2\/posts\/29319\/revisions"}],"predecessor-version":[{"id":29321,"href":"https:\/\/www.saloanoticias.com\/v1\/wp-json\/wp\/v2\/posts\/29319\/revisions\/29321"}],"wp:featuredmedia":[{"embeddable":true,"href":"https:\/\/www.saloanoticias.com\/v1\/wp-json\/wp\/v2\/media\/29320"}],"wp:attachment":[{"href":"https:\/\/www.saloanoticias.com\/v1\/wp-json\/wp\/v2\/media?parent=29319"}],"wp:term":[{"taxonomy":"category","embeddable":true,"href":"https:\/\/www.saloanoticias.com\/v1\/wp-json\/wp\/v2\/categories?post=29319"},{"taxonomy":"post_tag","embeddable":true,"href":"https:\/\/www.saloanoticias.com\/v1\/wp-json\/wp\/v2\/tags?post=29319"}],"curies":[{"name":"wp","href":"https:\/\/api.w.org\/{rel}","templated":true}]}}