{"id":29305,"date":"2025-08-21T11:20:58","date_gmt":"2025-08-21T14:20:58","guid":{"rendered":"https:\/\/www.saloanoticias.com\/v1\/?p=29305"},"modified":"2025-08-21T11:44:29","modified_gmt":"2025-08-21T14:44:29","slug":"cras-de-saloa-alcanca-nota-maxima-no-id-cras-e-se-destaca-em-pernambuco","status":"publish","type":"post","link":"https:\/\/www.saloanoticias.com\/v1\/cras-de-saloa-alcanca-nota-maxima-no-id-cras-e-se-destaca-em-pernambuco\/","title":{"rendered":"CRAS de Salo\u00e1 alcan\u00e7a nota m\u00e1xima no ID CRAS e se destaca em Pernambuco"},"content":{"rendered":"\n<p>O munic\u00edpio de Salo\u00e1 tem mais um grande motivo para comemorar. O CRAS Rivaldo Alves de Souza e o CRAS Serrinha da Prata receberam nota m\u00e1xima no ID CRAS (\u00cdndice de Desenvolvimento do CRAS), indicador nacional criado pelo Minist\u00e9rio do Desenvolvimento e Assist\u00eancia Social para avaliar a qualidade dos servi\u00e7os ofertados pelos Centros de Refer\u00eancia de Assist\u00eancia Social em todo o pa\u00eds.<\/p>\n\n\n<div class=\"wp-block-image\">\n<figure class=\"alignleft size-full is-resized\"><img loading=\"lazy\" decoding=\"async\" width=\"960\" height=\"523\" src=\"https:\/\/www.saloanoticias.com\/v1\/wp-content\/uploads\/2025\/08\/IMG_8135.jpeg\" alt=\"\" class=\"wp-image-29307\" style=\"width:362px;height:auto\" srcset=\"https:\/\/www.saloanoticias.com\/v1\/wp-content\/uploads\/2025\/08\/IMG_8135.jpeg 960w, https:\/\/www.saloanoticias.com\/v1\/wp-content\/uploads\/2025\/08\/IMG_8135-300x163.jpeg 300w, https:\/\/www.saloanoticias.com\/v1\/wp-content\/uploads\/2025\/08\/IMG_8135-768x418.jpeg 768w\" sizes=\"auto, (max-width: 960px) 100vw, 960px\" \/><\/figure>\n<\/div>\n\n\n<p>O \u00edndice considera crit\u00e9rios como a estrutura f\u00edsica, a equipe t\u00e9cnica dispon\u00edvel, a qualidade do atendimento \u00e0s fam\u00edlias e a oferta de servi\u00e7os socioassistenciais. As notas variam de 1 a 5, e no resultado divulgado em 2024, os dois equipamentos de Salo\u00e1 alcan\u00e7aram m\u00e9dia 4,67, o que garantiu ao munic\u00edpio em 1\u00ba lugar no Agreste Meridional e em 2\u00ba lugar em todo o estado de Pernambuco<\/p>\n\n\n\n<p>Esse desempenho coloca Salo\u00e1 entre os munic\u00edpios que mais se destacam na \u00e1rea da Assist\u00eancia Social em Pernambuco. <em>&#8220;O resultado \u00e9 fruto de um trabalho cont\u00ednuo, que envolve dedica\u00e7\u00e3o das equipes, investimentos na estrutura e compromisso com as fam\u00edlias atendidas&#8221;<\/em>, disse o Secret\u00e1rio de Assist\u00eancia Social, Carlos Ouro Preto.<\/p>\n\n\n\n<p>&#8220;<em>A conquista refor\u00e7a a import\u00e2ncia dos CRAS como porta de entrada para a popula\u00e7\u00e3o em situa\u00e7\u00e3o de vulnerabilidade social e comprova que a gest\u00e3o municipal tem avan\u00e7ado significativamente na garantia de direitos e na promo\u00e7\u00e3o de cidadania<\/em>&#8220;, completou o secret\u00e1rio.<\/p>\n<div style=\"margin-top: 0px; margin-bottom: 0px;\" class=\"sharethis-inline-share-buttons\" ><\/div>","protected":false},"excerpt":{"rendered":"<p>O munic\u00edpio de Salo\u00e1 tem mais um grande motivo para comemorar. O CRAS Rivaldo Alves de Souza e o CRAS Serrinha da Prata receberam nota m\u00e1xima no ID CRAS (\u00cdndice de Desenvolvimento do CRAS), indicador nacional criado pelo Minist\u00e9rio do Desenvolvimento e Assist\u00eancia Social para avaliar a qualidade dos servi\u00e7os ofertados pelos Centros de Refer\u00eancia [&hellip;]<\/p>\n","protected":false},"author":1,"featured_media":29306,"comment_status":"closed","ping_status":"closed","sticky":false,"template":"","format":"standard","meta":{"footnotes":""},"categories":[21],"tags":[22],"class_list":["post-29305","post","type-post","status-publish","format-standard","has-post-thumbnail","hentry","category-cidade","tag-destaques"],"_links":{"self":[{"href":"https:\/\/www.saloanoticias.com\/v1\/wp-json\/wp\/v2\/posts\/29305","targetHints":{"allow":["GET"]}}],"collection":[{"href":"https:\/\/www.saloanoticias.com\/v1\/wp-json\/wp\/v2\/posts"}],"about":[{"href":"https:\/\/www.saloanoticias.com\/v1\/wp-json\/wp\/v2\/types\/post"}],"author":[{"embeddable":true,"href":"https:\/\/www.saloanoticias.com\/v1\/wp-json\/wp\/v2\/users\/1"}],"replies":[{"embeddable":true,"href":"https:\/\/www.saloanoticias.com\/v1\/wp-json\/wp\/v2\/comments?post=29305"}],"version-history":[{"count":4,"href":"https:\/\/www.saloanoticias.com\/v1\/wp-json\/wp\/v2\/posts\/29305\/revisions"}],"predecessor-version":[{"id":29312,"href":"https:\/\/www.saloanoticias.com\/v1\/wp-json\/wp\/v2\/posts\/29305\/revisions\/29312"}],"wp:featuredmedia":[{"embeddable":true,"href":"https:\/\/www.saloanoticias.com\/v1\/wp-json\/wp\/v2\/media\/29306"}],"wp:attachment":[{"href":"https:\/\/www.saloanoticias.com\/v1\/wp-json\/wp\/v2\/media?parent=29305"}],"wp:term":[{"taxonomy":"category","embeddable":true,"href":"https:\/\/www.saloanoticias.com\/v1\/wp-json\/wp\/v2\/categories?post=29305"},{"taxonomy":"post_tag","embeddable":true,"href":"https:\/\/www.saloanoticias.com\/v1\/wp-json\/wp\/v2\/tags?post=29305"}],"curies":[{"name":"wp","href":"https:\/\/api.w.org\/{rel}","templated":true}]}}