{"id":29290,"date":"2025-08-19T08:59:53","date_gmt":"2025-08-19T11:59:53","guid":{"rendered":"https:\/\/www.saloanoticias.com\/v1\/?p=29290"},"modified":"2025-08-19T09:22:40","modified_gmt":"2025-08-19T12:22:40","slug":"encontro-de-oportunidades-no-campo-movimentou-produtores-rurais-em-saloa","status":"publish","type":"post","link":"https:\/\/www.saloanoticias.com\/v1\/encontro-de-oportunidades-no-campo-movimentou-produtores-rurais-em-saloa\/","title":{"rendered":"Encontro de Oportunidades no Campo movimentou produtores rurais em Salo\u00e1"},"content":{"rendered":"\n<p>No \u00faltimo dia 15, o munic\u00edpio de Salo\u00e1 sediou o Encontro de Oportunidades no Campo, uma iniciativa promovida pelo SEBRAE em parceria com a Secretaria Municipal de Agricultura. O evento reuniu agricultores, empreendedores rurais e representantes de diversas institui\u00e7\u00f5es, criando um espa\u00e7o de troca de experi\u00eancias, capacita\u00e7\u00e3o e incentivo ao desenvolvimento do setor agr\u00edcola local.<\/p>\n\n\n<div class=\"wp-block-image\">\n<figure class=\"aligncenter size-large\"><img loading=\"lazy\" decoding=\"async\" width=\"1024\" height=\"768\" src=\"https:\/\/www.saloanoticias.com\/v1\/wp-content\/uploads\/2025\/08\/fe3d852a-56b8-4af2-ba15-6a5681305377-1024x768.jpeg\" alt=\"\" class=\"wp-image-29292\" srcset=\"https:\/\/www.saloanoticias.com\/v1\/wp-content\/uploads\/2025\/08\/fe3d852a-56b8-4af2-ba15-6a5681305377-1024x768.jpeg 1024w, https:\/\/www.saloanoticias.com\/v1\/wp-content\/uploads\/2025\/08\/fe3d852a-56b8-4af2-ba15-6a5681305377-300x225.jpeg 300w, https:\/\/www.saloanoticias.com\/v1\/wp-content\/uploads\/2025\/08\/fe3d852a-56b8-4af2-ba15-6a5681305377-768x576.jpeg 768w, https:\/\/www.saloanoticias.com\/v1\/wp-content\/uploads\/2025\/08\/fe3d852a-56b8-4af2-ba15-6a5681305377-1536x1152.jpeg 1536w, https:\/\/www.saloanoticias.com\/v1\/wp-content\/uploads\/2025\/08\/fe3d852a-56b8-4af2-ba15-6a5681305377-2048x1536.jpeg 2048w\" sizes=\"auto, (max-width: 1024px) 100vw, 1024px\" \/><\/figure>\n<\/div>\n\n\n<p>Durante a programa\u00e7\u00e3o, os participantes tiveram acesso a palestras, oficinas e orienta\u00e7\u00f5es sobre cr\u00e9dito rural, inova\u00e7\u00f5es tecnol\u00f3gicas e boas pr\u00e1ticas de produ\u00e7\u00e3o. Tamb\u00e9m foram apresentadas alternativas para agregar valor aos produtos do campo e fortalecer a cadeia produtiva da agricultura familiar no munic\u00edpio.<\/p>\n\n\n<div class=\"wp-block-image\">\n<figure class=\"aligncenter size-large\"><img loading=\"lazy\" decoding=\"async\" width=\"1024\" height=\"768\" src=\"https:\/\/www.saloanoticias.com\/v1\/wp-content\/uploads\/2025\/08\/2b0f9c7b-1695-4f0e-b3e2-2ee3e4ba8080-1024x768.jpeg\" alt=\"\" class=\"wp-image-29295\" srcset=\"https:\/\/www.saloanoticias.com\/v1\/wp-content\/uploads\/2025\/08\/2b0f9c7b-1695-4f0e-b3e2-2ee3e4ba8080-1024x768.jpeg 1024w, https:\/\/www.saloanoticias.com\/v1\/wp-content\/uploads\/2025\/08\/2b0f9c7b-1695-4f0e-b3e2-2ee3e4ba8080-300x225.jpeg 300w, https:\/\/www.saloanoticias.com\/v1\/wp-content\/uploads\/2025\/08\/2b0f9c7b-1695-4f0e-b3e2-2ee3e4ba8080-768x576.jpeg 768w, https:\/\/www.saloanoticias.com\/v1\/wp-content\/uploads\/2025\/08\/2b0f9c7b-1695-4f0e-b3e2-2ee3e4ba8080-1536x1152.jpeg 1536w, https:\/\/www.saloanoticias.com\/v1\/wp-content\/uploads\/2025\/08\/2b0f9c7b-1695-4f0e-b3e2-2ee3e4ba8080-2048x1536.jpeg 2048w\" sizes=\"auto, (max-width: 1024px) 100vw, 1024px\" \/><\/figure>\n<\/div>\n\n\n<p>De acordo com os organizadores, a proposta do encontro \u00e9 aproximar os produtores das oportunidades de mercado e das pol\u00edticas p\u00fablicas de apoio ao setor, oferecendo ferramentas que contribuem para a gera\u00e7\u00e3o de renda e para o fortalecimento da economia rural.<\/p>\n\n\n<div class=\"wp-block-image\">\n<figure class=\"aligncenter size-large\"><img loading=\"lazy\" decoding=\"async\" width=\"1024\" height=\"577\" src=\"https:\/\/www.saloanoticias.com\/v1\/wp-content\/uploads\/2025\/08\/3a046fa3-5a66-4c07-b315-f7a5093ee7c6-1024x577.jpeg\" alt=\"\" class=\"wp-image-29293\" srcset=\"https:\/\/www.saloanoticias.com\/v1\/wp-content\/uploads\/2025\/08\/3a046fa3-5a66-4c07-b315-f7a5093ee7c6-1024x577.jpeg 1024w, https:\/\/www.saloanoticias.com\/v1\/wp-content\/uploads\/2025\/08\/3a046fa3-5a66-4c07-b315-f7a5093ee7c6-300x169.jpeg 300w, https:\/\/www.saloanoticias.com\/v1\/wp-content\/uploads\/2025\/08\/3a046fa3-5a66-4c07-b315-f7a5093ee7c6-768x432.jpeg 768w, https:\/\/www.saloanoticias.com\/v1\/wp-content\/uploads\/2025\/08\/3a046fa3-5a66-4c07-b315-f7a5093ee7c6-1536x865.jpeg 1536w, https:\/\/www.saloanoticias.com\/v1\/wp-content\/uploads\/2025\/08\/3a046fa3-5a66-4c07-b315-f7a5093ee7c6-2048x1153.jpeg 2048w\" sizes=\"auto, (max-width: 1024px) 100vw, 1024px\" \/><\/figure>\n<\/div>\n\n\n<p>A Secretaria de Agricultura de Salo\u00e1 destacou a import\u00e2ncia da parceria com o SEBRAE e refor\u00e7ou que o munic\u00edpio seguir\u00e1 investindo em a\u00e7\u00f5es que estimulem o crescimento sustent\u00e1vel no campo, garantindo mais qualidade de vida para os agricultores e suas fam\u00edlias<\/p>\n\n\n<div class=\"wp-block-image\">\n<figure class=\"aligncenter size-large\"><img loading=\"lazy\" decoding=\"async\" width=\"1024\" height=\"768\" src=\"https:\/\/www.saloanoticias.com\/v1\/wp-content\/uploads\/2025\/08\/5950e906-855a-4cea-b887-4b4c996ec946-1024x768.jpeg\" alt=\"\" class=\"wp-image-29294\" srcset=\"https:\/\/www.saloanoticias.com\/v1\/wp-content\/uploads\/2025\/08\/5950e906-855a-4cea-b887-4b4c996ec946-1024x768.jpeg 1024w, https:\/\/www.saloanoticias.com\/v1\/wp-content\/uploads\/2025\/08\/5950e906-855a-4cea-b887-4b4c996ec946-300x225.jpeg 300w, https:\/\/www.saloanoticias.com\/v1\/wp-content\/uploads\/2025\/08\/5950e906-855a-4cea-b887-4b4c996ec946-768x576.jpeg 768w, https:\/\/www.saloanoticias.com\/v1\/wp-content\/uploads\/2025\/08\/5950e906-855a-4cea-b887-4b4c996ec946-1536x1152.jpeg 1536w, https:\/\/www.saloanoticias.com\/v1\/wp-content\/uploads\/2025\/08\/5950e906-855a-4cea-b887-4b4c996ec946-2048x1536.jpeg 2048w\" sizes=\"auto, (max-width: 1024px) 100vw, 1024px\" \/><\/figure>\n<\/div><div style=\"margin-top: 0px; margin-bottom: 0px;\" class=\"sharethis-inline-share-buttons\" ><\/div>","protected":false},"excerpt":{"rendered":"<p>No \u00faltimo dia 15, o munic\u00edpio de Salo\u00e1 sediou o Encontro de Oportunidades no Campo, uma iniciativa promovida pelo SEBRAE em parceria com a Secretaria Municipal de Agricultura. O evento reuniu agricultores, empreendedores rurais e representantes de diversas institui\u00e7\u00f5es, criando um espa\u00e7o de troca de experi\u00eancias, capacita\u00e7\u00e3o e incentivo ao desenvolvimento do setor agr\u00edcola local. [&hellip;]<\/p>\n","protected":false},"author":1,"featured_media":29291,"comment_status":"closed","ping_status":"closed","sticky":false,"template":"","format":"standard","meta":{"footnotes":""},"categories":[21],"tags":[22],"class_list":["post-29290","post","type-post","status-publish","format-standard","has-post-thumbnail","hentry","category-cidade","tag-destaques"],"_links":{"self":[{"href":"https:\/\/www.saloanoticias.com\/v1\/wp-json\/wp\/v2\/posts\/29290","targetHints":{"allow":["GET"]}}],"collection":[{"href":"https:\/\/www.saloanoticias.com\/v1\/wp-json\/wp\/v2\/posts"}],"about":[{"href":"https:\/\/www.saloanoticias.com\/v1\/wp-json\/wp\/v2\/types\/post"}],"author":[{"embeddable":true,"href":"https:\/\/www.saloanoticias.com\/v1\/wp-json\/wp\/v2\/users\/1"}],"replies":[{"embeddable":true,"href":"https:\/\/www.saloanoticias.com\/v1\/wp-json\/wp\/v2\/comments?post=29290"}],"version-history":[{"count":2,"href":"https:\/\/www.saloanoticias.com\/v1\/wp-json\/wp\/v2\/posts\/29290\/revisions"}],"predecessor-version":[{"id":29298,"href":"https:\/\/www.saloanoticias.com\/v1\/wp-json\/wp\/v2\/posts\/29290\/revisions\/29298"}],"wp:featuredmedia":[{"embeddable":true,"href":"https:\/\/www.saloanoticias.com\/v1\/wp-json\/wp\/v2\/media\/29291"}],"wp:attachment":[{"href":"https:\/\/www.saloanoticias.com\/v1\/wp-json\/wp\/v2\/media?parent=29290"}],"wp:term":[{"taxonomy":"category","embeddable":true,"href":"https:\/\/www.saloanoticias.com\/v1\/wp-json\/wp\/v2\/categories?post=29290"},{"taxonomy":"post_tag","embeddable":true,"href":"https:\/\/www.saloanoticias.com\/v1\/wp-json\/wp\/v2\/tags?post=29290"}],"curies":[{"name":"wp","href":"https:\/\/api.w.org\/{rel}","templated":true}]}}