{"id":2927,"date":"2016-10-07T22:00:00","date_gmt":"2016-10-07T22:00:00","guid":{"rendered":"https:\/\/saloanoticias.mrmediaweb.com\/v1\/2016\/10\/07\/greve-dos-bancos-acaba-em-pernambuco\/"},"modified":"2016-10-07T22:00:00","modified_gmt":"2016-10-07T22:00:00","slug":"greve-dos-bancos-acaba-em-pernambuco","status":"publish","type":"post","link":"https:\/\/www.saloanoticias.com\/v1\/greve-dos-bancos-acaba-em-pernambuco\/","title":{"rendered":"CHEGOU AO FIM A \u201cGREVE DOS BANCOS\u201d EM PERNAMBUCO"},"content":{"rendered":"<p align=\"justify\"><font size=\"3\" face=\"Arial\"><a href=\"http:\/\/www.saloanoticias.com\/images\/img_0403_27d2b9434c7b2bfbac4a469a6c031448.jpg\"><img loading=\"lazy\" decoding=\"async\" title=\"IMG_0403\" style=\"border-top: 0px; border-right: 0px; background-image: none; border-bottom: 0px; float: left; padding-top: 0px; padding-left: 0px; margin: 5px 5px 0px 0px; border-left: 0px; display: inline; padding-right: 0px\" border=\"0\" alt=\"IMG_0403\" src=\"http:\/\/www.saloanoticias.com\/v1\/wp-content\/uploads\/imagens\/img_0403_thumb_a737b3e5449f3628e12e7edd87d32415.jpg\" width=\"318\" align=\"left\" height=\"172\"><\/a>Os banc\u00e1rios de Pernambuco, exceto os da Caixa Econ\u00f4mica Federal, decidiram encerrar, na noite desta quinta-feira, dia 6, a greve da categoria que se estendia desde o dia 6 de setembro, a maior paralisa\u00e7\u00e3o do grupo desde 2004. A partir de hoje, dia 7, portanto, todas as ag\u00eancias do Estado voltaram a funcionar normalmente. <\/font><font size=\"3\" face=\"Arial\">Enquanto seguir com a greve, a Caixa Econ\u00f4mica Federal dever\u00e1 manter quatro ag\u00eancias funcionando das 10 \u00e0s 12h para o pagamento de alvar\u00e1s, conforme foi acordado com a Ordem dos Advogados do Brasil (OAB) em ju\u00edzo. Seguindo a Lei de Greve, o banco tamb\u00e9m deve manter ao menos 30% do atendimento no Estado.<\/font><\/p>\n<p align=\"justify\"><font size=\"3\" face=\"Arial\">Os trabalhadores aceitaram a proposta apresentada pela Federa\u00e7\u00e3o Nacional dos Bancos (Fenaban), que ofereceu reajuste salarial de 8% e um abono de R$ 3,5 mil. A Federa\u00e7\u00e3o tamb\u00e9m se comprometeu a dar um aumento de 10% no vale-refei\u00e7\u00e3o e no aux\u00edlio-creche-bab\u00e1, e de 15% no vale-alimenta\u00e7\u00e3o dos funcion\u00e1rios. Todos os dias que os banc\u00e1rios ficaram parados ser\u00e3o abonados pelos bancos. <\/font><font size=\"3\" face=\"Arial\">O acordo proposto pelos bancos tem validade de dois anos. Para 2017, os sal\u00e1rios ser\u00e3o reajustados pela infla\u00e7\u00e3o (INPC\/IBGE), mais 1% de aumento real.<\/font> <\/p>\n<p align=\"justify\"><font size=\"3\" face=\"Arial\">Os banc\u00e1rios reivindicavam reajuste de 14,78%, sendo 5% de aumento real, considerando infla\u00e7\u00e3o de 9,31%; participa\u00e7\u00e3o nos lucros e resultados (PLR) de tr\u00eas sal\u00e1rios acrescidos de R$ 8.317,90; piso no valor do sal\u00e1rio-m\u00ednimo do Dieese (R$ 3.940,24), e vales-alimenta\u00e7\u00e3o, refei\u00e7\u00e3o, e aux\u00edlio-creche no valor do sal\u00e1rio-m\u00ednimo nacional (R$ 880). O grupo tamb\u00e9m reivindicava 14\u00ba sal\u00e1rio, fim das metas abusivas e do ass\u00e9dio moral. <\/font><font face=\"Arial\"><font size=\"3\">Os bancos chegaram a propor um reajuste de 7% durante as assembleias ocorridas nos dias 9 e 28 de setembro, o que n\u00e3o foi aceito pelos banc\u00e1rios, que decidiram manter a greve.<\/font><font size=\"2\"><b>(Com informa\u00e7\u00f5es Blog do Carlos Eug\u00eanio e do <\/b><b>JC Online. <a href=\"http:\/\/jconline.ne10.uol.com.br\/canal\/economia\/pernambuco\/noticia\/2016\/10\/06\/exceto-a-caixa-bancos-abrem-normalmente-nesta-sexta-em-pernambuco-255804.php\">CONFIRA<\/a>)<\/b><\/font><\/font><\/p>\n<div style=\"margin-top: 0px; margin-bottom: 0px;\" class=\"sharethis-inline-share-buttons\" ><\/div>","protected":false},"excerpt":{"rendered":"<p>Os banc\u00e1rios de Pernambuco, exceto os da Caixa Econ\u00f4mica Federal, decidiram encerrar, na noite desta quinta-feira, dia 6, a greve da categoria que se estendia desde o dia 6 de setembro, a maior paralisa\u00e7\u00e3o do grupo desde 2004. A partir de hoje, dia 7, portanto, todas as ag\u00eancias do Estado voltaram a funcionar normalmente. Enquanto [&hellip;]<\/p>\n","protected":false},"author":1,"featured_media":0,"comment_status":"open","ping_status":"open","sticky":false,"template":"","format":"standard","meta":{"footnotes":""},"categories":[2],"tags":[],"class_list":["post-2927","post","type-post","status-publish","format-standard","hentry","category-noticias-do-dia"],"_links":{"self":[{"href":"https:\/\/www.saloanoticias.com\/v1\/wp-json\/wp\/v2\/posts\/2927","targetHints":{"allow":["GET"]}}],"collection":[{"href":"https:\/\/www.saloanoticias.com\/v1\/wp-json\/wp\/v2\/posts"}],"about":[{"href":"https:\/\/www.saloanoticias.com\/v1\/wp-json\/wp\/v2\/types\/post"}],"author":[{"embeddable":true,"href":"https:\/\/www.saloanoticias.com\/v1\/wp-json\/wp\/v2\/users\/1"}],"replies":[{"embeddable":true,"href":"https:\/\/www.saloanoticias.com\/v1\/wp-json\/wp\/v2\/comments?post=2927"}],"version-history":[{"count":0,"href":"https:\/\/www.saloanoticias.com\/v1\/wp-json\/wp\/v2\/posts\/2927\/revisions"}],"wp:attachment":[{"href":"https:\/\/www.saloanoticias.com\/v1\/wp-json\/wp\/v2\/media?parent=2927"}],"wp:term":[{"taxonomy":"category","embeddable":true,"href":"https:\/\/www.saloanoticias.com\/v1\/wp-json\/wp\/v2\/categories?post=2927"},{"taxonomy":"post_tag","embeddable":true,"href":"https:\/\/www.saloanoticias.com\/v1\/wp-json\/wp\/v2\/tags?post=2927"}],"curies":[{"name":"wp","href":"https:\/\/api.w.org\/{rel}","templated":true}]}}