{"id":2926,"date":"2016-10-08T14:00:00","date_gmt":"2016-10-08T14:00:00","guid":{"rendered":"https:\/\/saloanoticias.mrmediaweb.com\/v1\/2016\/10\/08\/ricardo-alves-participa-de-almoco-com-prefeitos-eleitos-e-o-deputado-danilo-cabral\/"},"modified":"2016-10-08T14:00:00","modified_gmt":"2016-10-08T14:00:00","slug":"ricardo-alves-participa-de-almoco-com-prefeitos-eleitos-e-o-deputado-danilo-cabral","status":"publish","type":"post","link":"https:\/\/www.saloanoticias.com\/v1\/ricardo-alves-participa-de-almoco-com-prefeitos-eleitos-e-o-deputado-danilo-cabral\/","title":{"rendered":"\u201cRICARDO ALVES\u201d PARTICIPOU DE ALMO\u00c7O COM PREFEITOS ELEITOS E O DEP. DANILO CABRAL NA CAPITAL DO ESTADO"},"content":{"rendered":"<p align=\"justify\"><font size=\"3\" face=\"Arial\"><a href=\"http:\/\/www.saloanoticias.com\/images\/salo-noticias_3ede043ee650e8d698cb68917a24fe7d.jpg\"><img loading=\"lazy\" decoding=\"async\" title=\"SALO&Aacute; NOTICIAS\" style=\"border-left-width: 0px; border-right-width: 0px; background-image: none; border-bottom-width: 0px; float: none; padding-top: 0px; padding-left: 0px; margin: 0px auto 10px; display: block; padding-right: 0px; border-top-width: 0px\" border=\"0\" alt=\"SALO&Aacute; NOTICIAS\" src=\"http:\/\/www.saloanoticias.com\/v1\/wp-content\/uploads\/imagens\/salo-noticias_thumb_a9a0a425407a95a47f8a5b3430df7723.jpg\" width=\"1417\" height=\"839\"><\/a>O deputado federal Danilo Cabral (PSB-PE) promoveu, na tarde de hoje, um almo\u00e7o com prefeitos eleitos e integrantes do partido que estiveram nas disputas majorit\u00e1rias do estado nestas elei\u00e7\u00f5es. O encontro ocorreu em um restaurante da Zona Sul do Recife. Entre os presentes esteva o prefeito reeleito de Salo\u00e1\/PE, Ricardo Alves (PMDB), que fez quest\u00e3o de se juntar a grande base de prefeitos que caminham ao lado do deputado, Danilo Cabral.<\/font>  <\/p>\n<p align=\"justify\"><font size=\"3\" face=\"Arial\">Segundo o prefeito, o encontro foi bastante positivo e serviu para tratar de temas importantes n\u00e3o s\u00f3 para Salo\u00e1, mas para todo o Agreste Meridional, onde, Danilo Cabral, e o governador, Paulo C\u00e2mara, tem grande influ\u00eancia e participa\u00e7\u00e3o. Ricardo informou que as elei\u00e7\u00f5es acabaram e agora \u00e9 hora de voltar a trabalhar, buscando sempre mais recursos e a\u00e7\u00f5es que venham beneficiar a popula\u00e7\u00e3o. <strong><font size=\"2\">Com informa\u00e7\u00f5es do Blog do Magno Martins. Foto: Houldine Nascimento<\/font><\/strong><\/font><\/p>\n<div style=\"margin-top: 0px; margin-bottom: 0px;\" class=\"sharethis-inline-share-buttons\" ><\/div>","protected":false},"excerpt":{"rendered":"<p>O deputado federal Danilo Cabral (PSB-PE) promoveu, na tarde de hoje, um almo\u00e7o com prefeitos eleitos e integrantes do partido que estiveram nas disputas majorit\u00e1rias do estado nestas elei\u00e7\u00f5es. O encontro ocorreu em um restaurante da Zona Sul do Recife. Entre os presentes esteva o prefeito reeleito de Salo\u00e1\/PE, Ricardo Alves (PMDB), que fez quest\u00e3o [&hellip;]<\/p>\n","protected":false},"author":1,"featured_media":0,"comment_status":"open","ping_status":"open","sticky":false,"template":"","format":"standard","meta":{"footnotes":""},"categories":[2],"tags":[],"class_list":["post-2926","post","type-post","status-publish","format-standard","hentry","category-noticias-do-dia"],"_links":{"self":[{"href":"https:\/\/www.saloanoticias.com\/v1\/wp-json\/wp\/v2\/posts\/2926","targetHints":{"allow":["GET"]}}],"collection":[{"href":"https:\/\/www.saloanoticias.com\/v1\/wp-json\/wp\/v2\/posts"}],"about":[{"href":"https:\/\/www.saloanoticias.com\/v1\/wp-json\/wp\/v2\/types\/post"}],"author":[{"embeddable":true,"href":"https:\/\/www.saloanoticias.com\/v1\/wp-json\/wp\/v2\/users\/1"}],"replies":[{"embeddable":true,"href":"https:\/\/www.saloanoticias.com\/v1\/wp-json\/wp\/v2\/comments?post=2926"}],"version-history":[{"count":0,"href":"https:\/\/www.saloanoticias.com\/v1\/wp-json\/wp\/v2\/posts\/2926\/revisions"}],"wp:attachment":[{"href":"https:\/\/www.saloanoticias.com\/v1\/wp-json\/wp\/v2\/media?parent=2926"}],"wp:term":[{"taxonomy":"category","embeddable":true,"href":"https:\/\/www.saloanoticias.com\/v1\/wp-json\/wp\/v2\/categories?post=2926"},{"taxonomy":"post_tag","embeddable":true,"href":"https:\/\/www.saloanoticias.com\/v1\/wp-json\/wp\/v2\/tags?post=2926"}],"curies":[{"name":"wp","href":"https:\/\/api.w.org\/{rel}","templated":true}]}}