{"id":29259,"date":"2025-08-14T22:05:35","date_gmt":"2025-08-15T01:05:35","guid":{"rendered":"https:\/\/www.saloanoticias.com\/v1\/?p=29259"},"modified":"2025-08-15T09:08:38","modified_gmt":"2025-08-15T12:08:38","slug":"projeto-saloa-que-aquece-entrega-cobertores-a-familias-em-vulnerabilidade","status":"publish","type":"post","link":"https:\/\/www.saloanoticias.com\/v1\/projeto-saloa-que-aquece-entrega-cobertores-a-familias-em-vulnerabilidade\/","title":{"rendered":"Projeto \u201cSalo\u00e1 que Aquece\u201d entregou cobertores \u00e0 fam\u00edlias em vulnerabilidade"},"content":{"rendered":"\n<p>Com a chegada do inverno e a queda brusca das temperaturas na regi\u00e3o, a solidariedade se torna ainda mais essencial. \u00c9 nesse contexto que o Projeto <strong>\u201cSalo\u00e1 que Aquece\u201d<\/strong> se destaca, levando conforto e dignidade a dezenas de fam\u00edlias em situa\u00e7\u00e3o de vulnerabilidade no munic\u00edpio de Salo\u00e1.<\/p>\n\n\n\n<p>A iniciativa, que distribuiu centenas de cobertores, refor\u00e7a o trabalho da gest\u00e3o do prefeito J\u00fanior de Rivaldo em apoio direto \u00e0 popula\u00e7\u00e3o mais carente. A a\u00e7\u00e3o \u00e9 um reflexo da preocupa\u00e7\u00e3o da prefeitura em mitigar os efeitos do frio intenso, que pode agravar as condi\u00e7\u00f5es de vida das fam\u00edlias.<\/p>\n\n\n<div class=\"wp-block-image\">\n<figure class=\"aligncenter size-full is-resized\"><img loading=\"lazy\" decoding=\"async\" width=\"768\" height=\"509\" src=\"https:\/\/www.saloanoticias.com\/v1\/wp-content\/uploads\/2025\/08\/DSC_2096-768x509-1.jpg\" alt=\"\" class=\"wp-image-29261\" style=\"width:840px;height:auto\" srcset=\"https:\/\/www.saloanoticias.com\/v1\/wp-content\/uploads\/2025\/08\/DSC_2096-768x509-1.jpg 768w, https:\/\/www.saloanoticias.com\/v1\/wp-content\/uploads\/2025\/08\/DSC_2096-768x509-1-300x199.jpg 300w\" sizes=\"auto, (max-width: 768px) 100vw, 768px\" \/><\/figure>\n<\/div>\n\n\n<p>O projeto n\u00e3o se limita a uma simples distribui\u00e7\u00e3o; ele representa a presen\u00e7a do poder p\u00fablico ao lado da comunidade, oferecendo um suporte fundamental em um momento de necessidade. Essa aproxima\u00e7\u00e3o demonstra o compromisso da gest\u00e3o em estar presente e atuante, especialmente nas \u00e1reas mais carentes do munic\u00edpio.<\/p>\n\n\n<div class=\"wp-block-image\">\n<figure class=\"aligncenter size-full\"><img loading=\"lazy\" decoding=\"async\" width=\"960\" height=\"638\" src=\"https:\/\/www.saloanoticias.com\/v1\/wp-content\/uploads\/2025\/08\/Prefeito-de-Saloa-1-2.jpeg\" alt=\"\" class=\"wp-image-29263\" srcset=\"https:\/\/www.saloanoticias.com\/v1\/wp-content\/uploads\/2025\/08\/Prefeito-de-Saloa-1-2.jpeg 960w, https:\/\/www.saloanoticias.com\/v1\/wp-content\/uploads\/2025\/08\/Prefeito-de-Saloa-1-2-300x199.jpeg 300w, https:\/\/www.saloanoticias.com\/v1\/wp-content\/uploads\/2025\/08\/Prefeito-de-Saloa-1-2-768x510.jpeg 768w\" sizes=\"auto, (max-width: 960px) 100vw, 960px\" \/><\/figure>\n<\/div>\n\n\n<p>\u201cNosso objetivo \u00e9 garantir que nenhuma fam\u00edlia saloaense passe frio neste inverno. A cada cobertor que entregamos, levamos n\u00e3o apenas calor f\u00edsico, mas tamb\u00e9m a certeza de que a prefeitura est\u00e1 atenta e cuidando de todos,\u201d afirmou o prefeito.<\/p>\n\n\n<div class=\"wp-block-image\">\n<figure class=\"aligncenter size-full is-resized\"><img loading=\"lazy\" decoding=\"async\" width=\"768\" height=\"509\" src=\"https:\/\/www.saloanoticias.com\/v1\/wp-content\/uploads\/2025\/08\/DSC_2107-768x509-1.jpg\" alt=\"\" class=\"wp-image-29262\" style=\"width:840px;height:auto\" srcset=\"https:\/\/www.saloanoticias.com\/v1\/wp-content\/uploads\/2025\/08\/DSC_2107-768x509-1.jpg 768w, https:\/\/www.saloanoticias.com\/v1\/wp-content\/uploads\/2025\/08\/DSC_2107-768x509-1-300x199.jpg 300w\" sizes=\"auto, (max-width: 768px) 100vw, 768px\" \/><\/figure>\n<\/div>\n\n\n<p>A iniciativa <strong>\u201cSalo\u00e1 que Aquece\u201d<\/strong> \u00e9 um exemplo de como a\u00e7\u00f5es pontuais e bem planejadas podem fazer uma grande diferen\u00e7a na vida das pessoas. Ao focar na popula\u00e7\u00e3o mais vulner\u00e1vel durante a esta\u00e7\u00e3o mais fria do ano, a prefeitura de Salo\u00e1 n\u00e3o apenas cumpre seu papel social, mas tamb\u00e9m fortalece o elo de confian\u00e7a com seus cidad\u00e3os, mostrando que a solidariedade \u00e9 um valor central na administra\u00e7\u00e3o p\u00fablica.<\/p>\n<div style=\"margin-top: 0px; margin-bottom: 0px;\" class=\"sharethis-inline-share-buttons\" ><\/div>","protected":false},"excerpt":{"rendered":"<p>Com a chegada do inverno e a queda brusca das temperaturas na regi\u00e3o, a solidariedade se torna ainda mais essencial. \u00c9 nesse contexto que o Projeto \u201cSalo\u00e1 que Aquece\u201d se destaca, levando conforto e dignidade a dezenas de fam\u00edlias em situa\u00e7\u00e3o de vulnerabilidade no munic\u00edpio de Salo\u00e1. A iniciativa, que distribuiu centenas de cobertores, refor\u00e7a [&hellip;]<\/p>\n","protected":false},"author":1,"featured_media":29260,"comment_status":"closed","ping_status":"closed","sticky":false,"template":"","format":"standard","meta":{"footnotes":""},"categories":[21],"tags":[22],"class_list":["post-29259","post","type-post","status-publish","format-standard","has-post-thumbnail","hentry","category-cidade","tag-destaques"],"_links":{"self":[{"href":"https:\/\/www.saloanoticias.com\/v1\/wp-json\/wp\/v2\/posts\/29259","targetHints":{"allow":["GET"]}}],"collection":[{"href":"https:\/\/www.saloanoticias.com\/v1\/wp-json\/wp\/v2\/posts"}],"about":[{"href":"https:\/\/www.saloanoticias.com\/v1\/wp-json\/wp\/v2\/types\/post"}],"author":[{"embeddable":true,"href":"https:\/\/www.saloanoticias.com\/v1\/wp-json\/wp\/v2\/users\/1"}],"replies":[{"embeddable":true,"href":"https:\/\/www.saloanoticias.com\/v1\/wp-json\/wp\/v2\/comments?post=29259"}],"version-history":[{"count":3,"href":"https:\/\/www.saloanoticias.com\/v1\/wp-json\/wp\/v2\/posts\/29259\/revisions"}],"predecessor-version":[{"id":29267,"href":"https:\/\/www.saloanoticias.com\/v1\/wp-json\/wp\/v2\/posts\/29259\/revisions\/29267"}],"wp:featuredmedia":[{"embeddable":true,"href":"https:\/\/www.saloanoticias.com\/v1\/wp-json\/wp\/v2\/media\/29260"}],"wp:attachment":[{"href":"https:\/\/www.saloanoticias.com\/v1\/wp-json\/wp\/v2\/media?parent=29259"}],"wp:term":[{"taxonomy":"category","embeddable":true,"href":"https:\/\/www.saloanoticias.com\/v1\/wp-json\/wp\/v2\/categories?post=29259"},{"taxonomy":"post_tag","embeddable":true,"href":"https:\/\/www.saloanoticias.com\/v1\/wp-json\/wp\/v2\/tags?post=29259"}],"curies":[{"name":"wp","href":"https:\/\/api.w.org\/{rel}","templated":true}]}}