{"id":2925,"date":"2016-10-07T18:00:00","date_gmt":"2016-10-07T18:00:00","guid":{"rendered":"https:\/\/saloanoticias.mrmediaweb.com\/v1\/2016\/10\/07\/vereador-ferreirinha-faz-agradecimentos-pelas-redes-sociais\/"},"modified":"2016-10-07T18:00:00","modified_gmt":"2016-10-07T18:00:00","slug":"vereador-ferreirinha-faz-agradecimentos-pelas-redes-sociais","status":"publish","type":"post","link":"https:\/\/www.saloanoticias.com\/v1\/vereador-ferreirinha-faz-agradecimentos-pelas-redes-sociais\/","title":{"rendered":"VER. \u201cFERREIRINHA\u201d FAZ AGRADECIMENTOS PELAS REDES SOCIAIS"},"content":{"rendered":"<p align=\"justify\"><font size=\"3\" face=\"Arial\"><a href=\"http:\/\/www.saloanoticias.com\/images\/ferreirinha-2_9106561b68a741ea06a373ee26085374.jpg\"><img loading=\"lazy\" decoding=\"async\" title=\"Ferreirinha (2)\" style=\"border-left-width: 0px; border-right-width: 0px; background-image: none; border-bottom-width: 0px; float: right; padding-top: 0px; padding-left: 0px; margin: 5px 0px 0px 5px; display: inline; padding-right: 0px; border-top-width: 0px\" border=\"0\" alt=\"Ferreirinha (2)\" src=\"http:\/\/www.saloanoticias.com\/v1\/wp-content\/uploads\/imagens\/ferreirinha-2_thumb_ed8a9b2056ae9aae8b32e64ffa058f8e.jpg\" width=\"311\" align=\"right\" height=\"267\"><\/a>EU, NESTE MOMENTO DA MINHA VIDA, QUERO AGRADECER A TODOS QUE DESTINARAM UM POUQUINHO DO SEU TEMPO PARA MIM DESEJAR FELICIDADES PELA PASSAGEM DO MEU ANIVERS\u00c1RIO. QUERO, TAMB\u00c9M, AGRADECER AOS QUE ME RECONHECERAM NO DIA 02 DE OUTUBRO, QUANDO TIVE A OPORTUNIDADE DE CONCORRER A MAIS UM PLEITO, NO PENSAMENTO DE CONTINUAR FAZENDO TUDO AQUILO QUE APRENDI DESDE OS TEMPOS DOS MEUS PAIS, QUE \u00c9 FAZER JUSTI\u00c7A SOCIAL, PRINCIPALMENTE PARA AQUELES QUE MAIS PRECISAM, QUE S\u00c3O AS PESSOAS MAIS POBRES. APRENDI, TAMB\u00c9M, DURANTE ESSES TEMPOS, QUE A POL\u00cdTICA N\u00c3O SER\u00c1 FEITA PARA OS POL\u00cdTICOS, E SIM, PARA OS QUE MAIS NECESSITAM. OBRIGADO E QUE DEUS ESTEJA E CONTINUE ILUMINANDO A TODOS. <strong><font size=\"2\">Fonte: Facebook do Vereador Ferreirinha<\/font><\/strong><\/font><\/p>\n<div style=\"margin-top: 0px; margin-bottom: 0px;\" class=\"sharethis-inline-share-buttons\" ><\/div>","protected":false},"excerpt":{"rendered":"<p>EU, NESTE MOMENTO DA MINHA VIDA, QUERO AGRADECER A TODOS QUE DESTINARAM UM POUQUINHO DO SEU TEMPO PARA MIM DESEJAR FELICIDADES PELA PASSAGEM DO MEU ANIVERS\u00c1RIO. QUERO, TAMB\u00c9M, AGRADECER AOS QUE ME RECONHECERAM NO DIA 02 DE OUTUBRO, QUANDO TIVE A OPORTUNIDADE DE CONCORRER A MAIS UM PLEITO, NO PENSAMENTO DE CONTINUAR FAZENDO TUDO AQUILO [&hellip;]<\/p>\n","protected":false},"author":1,"featured_media":0,"comment_status":"open","ping_status":"open","sticky":false,"template":"","format":"standard","meta":{"footnotes":""},"categories":[2],"tags":[],"class_list":["post-2925","post","type-post","status-publish","format-standard","hentry","category-noticias-do-dia"],"_links":{"self":[{"href":"https:\/\/www.saloanoticias.com\/v1\/wp-json\/wp\/v2\/posts\/2925","targetHints":{"allow":["GET"]}}],"collection":[{"href":"https:\/\/www.saloanoticias.com\/v1\/wp-json\/wp\/v2\/posts"}],"about":[{"href":"https:\/\/www.saloanoticias.com\/v1\/wp-json\/wp\/v2\/types\/post"}],"author":[{"embeddable":true,"href":"https:\/\/www.saloanoticias.com\/v1\/wp-json\/wp\/v2\/users\/1"}],"replies":[{"embeddable":true,"href":"https:\/\/www.saloanoticias.com\/v1\/wp-json\/wp\/v2\/comments?post=2925"}],"version-history":[{"count":0,"href":"https:\/\/www.saloanoticias.com\/v1\/wp-json\/wp\/v2\/posts\/2925\/revisions"}],"wp:attachment":[{"href":"https:\/\/www.saloanoticias.com\/v1\/wp-json\/wp\/v2\/media?parent=2925"}],"wp:term":[{"taxonomy":"category","embeddable":true,"href":"https:\/\/www.saloanoticias.com\/v1\/wp-json\/wp\/v2\/categories?post=2925"},{"taxonomy":"post_tag","embeddable":true,"href":"https:\/\/www.saloanoticias.com\/v1\/wp-json\/wp\/v2\/tags?post=2925"}],"curies":[{"name":"wp","href":"https:\/\/api.w.org\/{rel}","templated":true}]}}