{"id":29247,"date":"2025-08-13T15:47:59","date_gmt":"2025-08-13T18:47:59","guid":{"rendered":"https:\/\/www.saloanoticias.com\/v1\/?p=29247"},"modified":"2025-08-13T21:41:49","modified_gmt":"2025-08-14T00:41:49","slug":"prefeito-junior-de-rivaldo-entrega-retroescavadeira-e-trator-0km-a-populacao-de-saloa","status":"publish","type":"post","link":"https:\/\/www.saloanoticias.com\/v1\/prefeito-junior-de-rivaldo-entrega-retroescavadeira-e-trator-0km-a-populacao-de-saloa\/","title":{"rendered":"Prefeito J\u00fanior de Rivaldo entrega retroescavadeira e trator 0km \u00e0 popula\u00e7\u00e3o de Salo\u00e1"},"content":{"rendered":"\n<p>Na manh\u00e3 desta quarta-feira (13), o prefeito de Salo\u00e1, J\u00fanior de Rivaldo, realizou mais um importante ato de fortalecimento da frota municipal de ve\u00edculos. Em cerim\u00f4nia realizada em frente \u00e0 sede do Poder Municipal, foram entregues \u00e0 popula\u00e7\u00e3o uma retroescavadeira e um trator com grade de ara\u00e7\u00e3o, ambos 0km, que ir\u00e3o refor\u00e7ar os servi\u00e7os prestados \u00e0 zona rural e demais \u00e1reas do munic\u00edpio.<\/p>\n\n\n<div class=\"wp-block-image\">\n<figure class=\"aligncenter size-large\"><img loading=\"lazy\" decoding=\"async\" width=\"1024\" height=\"678\" src=\"https:\/\/www.saloanoticias.com\/v1\/wp-content\/uploads\/2025\/08\/IMG_8007-1024x678.jpeg\" alt=\"\" class=\"wp-image-29250\" srcset=\"https:\/\/www.saloanoticias.com\/v1\/wp-content\/uploads\/2025\/08\/IMG_8007-1024x678.jpeg 1024w, https:\/\/www.saloanoticias.com\/v1\/wp-content\/uploads\/2025\/08\/IMG_8007-300x199.jpeg 300w, https:\/\/www.saloanoticias.com\/v1\/wp-content\/uploads\/2025\/08\/IMG_8007-768x509.jpeg 768w, https:\/\/www.saloanoticias.com\/v1\/wp-content\/uploads\/2025\/08\/IMG_8007-1536x1017.jpeg 1536w, https:\/\/www.saloanoticias.com\/v1\/wp-content\/uploads\/2025\/08\/IMG_8007-2048x1356.jpeg 2048w\" sizes=\"auto, (max-width: 1024px) 100vw, 1024px\" \/><\/figure>\n<\/div>\n\n<div class=\"wp-block-image\">\n<figure class=\"aligncenter size-large\"><img loading=\"lazy\" decoding=\"async\" width=\"1024\" height=\"678\" src=\"https:\/\/www.saloanoticias.com\/v1\/wp-content\/uploads\/2025\/08\/IMG_8010-1024x678.jpeg\" alt=\"\" class=\"wp-image-29252\" srcset=\"https:\/\/www.saloanoticias.com\/v1\/wp-content\/uploads\/2025\/08\/IMG_8010-1024x678.jpeg 1024w, https:\/\/www.saloanoticias.com\/v1\/wp-content\/uploads\/2025\/08\/IMG_8010-300x199.jpeg 300w, https:\/\/www.saloanoticias.com\/v1\/wp-content\/uploads\/2025\/08\/IMG_8010-768x509.jpeg 768w, https:\/\/www.saloanoticias.com\/v1\/wp-content\/uploads\/2025\/08\/IMG_8010-1536x1017.jpeg 1536w, https:\/\/www.saloanoticias.com\/v1\/wp-content\/uploads\/2025\/08\/IMG_8010-2048x1356.jpeg 2048w\" sizes=\"auto, (max-width: 1024px) 100vw, 1024px\" \/><\/figure>\n<\/div>\n\n\n<p>A a\u00e7\u00e3o acontece apenas oito dias ap\u00f3s o gestor j\u00e1 ter realizado outra entrega de ve\u00edculos, demonstrando o ritmo acelerado de investimentos na infraestrutura municipal. Durante o evento, J\u00fanior de Rivaldo destacou seu compromisso com a popula\u00e7\u00e3o: \u201cDedico 24 horas do meu dia para cuidar do povo da minha cidade e ser\u00e1 assim at\u00e9 o meu \u00faltimo dia de governo\u201d, afirmou.<\/p>\n\n\n<div class=\"wp-block-image\">\n<figure class=\"aligncenter size-large\"><img loading=\"lazy\" decoding=\"async\" width=\"678\" height=\"1024\" src=\"https:\/\/www.saloanoticias.com\/v1\/wp-content\/uploads\/2025\/08\/IMG_8006-678x1024.jpeg\" alt=\"\" class=\"wp-image-29254\" srcset=\"https:\/\/www.saloanoticias.com\/v1\/wp-content\/uploads\/2025\/08\/IMG_8006-678x1024.jpeg 678w, https:\/\/www.saloanoticias.com\/v1\/wp-content\/uploads\/2025\/08\/IMG_8006-199x300.jpeg 199w, https:\/\/www.saloanoticias.com\/v1\/wp-content\/uploads\/2025\/08\/IMG_8006-768x1160.jpeg 768w, https:\/\/www.saloanoticias.com\/v1\/wp-content\/uploads\/2025\/08\/IMG_8006-1017x1536.jpeg 1017w, https:\/\/www.saloanoticias.com\/v1\/wp-content\/uploads\/2025\/08\/IMG_8006-1356x2048.jpeg 1356w, https:\/\/www.saloanoticias.com\/v1\/wp-content\/uploads\/2025\/08\/IMG_8006-scaled.jpeg 1695w\" sizes=\"auto, (max-width: 678px) 100vw, 678px\" \/><\/figure>\n<\/div>\n\n\n<p>A solenidade contou com a presen\u00e7a da popula\u00e7\u00e3o, secret\u00e1rios municipais, vereadores, lideran\u00e7as pol\u00edticas e outras autoridades locais, que celebraram mais essa conquista para Salo\u00e1. Segundo a gest\u00e3o, os novos equipamentos ser\u00e3o utilizados para ampliar o atendimento aos agricultores e apoiar obras e servi\u00e7os essenciais. Fotos: Rai Henrique &#8211; Pedro Fran\u00e7a<\/p>\n\n\n<div class=\"wp-block-image\">\n<figure class=\"aligncenter size-large\"><img loading=\"lazy\" decoding=\"async\" width=\"1024\" height=\"678\" src=\"https:\/\/www.saloanoticias.com\/v1\/wp-content\/uploads\/2025\/08\/IMG_8009-1024x678.jpeg\" alt=\"\" class=\"wp-image-29255\" srcset=\"https:\/\/www.saloanoticias.com\/v1\/wp-content\/uploads\/2025\/08\/IMG_8009-1024x678.jpeg 1024w, https:\/\/www.saloanoticias.com\/v1\/wp-content\/uploads\/2025\/08\/IMG_8009-300x199.jpeg 300w, https:\/\/www.saloanoticias.com\/v1\/wp-content\/uploads\/2025\/08\/IMG_8009-768x509.jpeg 768w, https:\/\/www.saloanoticias.com\/v1\/wp-content\/uploads\/2025\/08\/IMG_8009-1536x1017.jpeg 1536w, https:\/\/www.saloanoticias.com\/v1\/wp-content\/uploads\/2025\/08\/IMG_8009-2048x1356.jpeg 2048w\" sizes=\"auto, (max-width: 1024px) 100vw, 1024px\" \/><\/figure>\n<\/div><div style=\"margin-top: 0px; margin-bottom: 0px;\" class=\"sharethis-inline-share-buttons\" ><\/div>","protected":false},"excerpt":{"rendered":"<p>Na manh\u00e3 desta quarta-feira (13), o prefeito de Salo\u00e1, J\u00fanior de Rivaldo, realizou mais um importante ato de fortalecimento da frota municipal de ve\u00edculos. Em cerim\u00f4nia realizada em frente \u00e0 sede do Poder Municipal, foram entregues \u00e0 popula\u00e7\u00e3o uma retroescavadeira e um trator com grade de ara\u00e7\u00e3o, ambos 0km, que ir\u00e3o refor\u00e7ar os servi\u00e7os prestados [&hellip;]<\/p>\n","protected":false},"author":1,"featured_media":29252,"comment_status":"closed","ping_status":"closed","sticky":false,"template":"","format":"standard","meta":{"footnotes":""},"categories":[21],"tags":[22],"class_list":["post-29247","post","type-post","status-publish","format-standard","has-post-thumbnail","hentry","category-cidade","tag-destaques"],"_links":{"self":[{"href":"https:\/\/www.saloanoticias.com\/v1\/wp-json\/wp\/v2\/posts\/29247","targetHints":{"allow":["GET"]}}],"collection":[{"href":"https:\/\/www.saloanoticias.com\/v1\/wp-json\/wp\/v2\/posts"}],"about":[{"href":"https:\/\/www.saloanoticias.com\/v1\/wp-json\/wp\/v2\/types\/post"}],"author":[{"embeddable":true,"href":"https:\/\/www.saloanoticias.com\/v1\/wp-json\/wp\/v2\/users\/1"}],"replies":[{"embeddable":true,"href":"https:\/\/www.saloanoticias.com\/v1\/wp-json\/wp\/v2\/comments?post=29247"}],"version-history":[{"count":5,"href":"https:\/\/www.saloanoticias.com\/v1\/wp-json\/wp\/v2\/posts\/29247\/revisions"}],"predecessor-version":[{"id":29258,"href":"https:\/\/www.saloanoticias.com\/v1\/wp-json\/wp\/v2\/posts\/29247\/revisions\/29258"}],"wp:featuredmedia":[{"embeddable":true,"href":"https:\/\/www.saloanoticias.com\/v1\/wp-json\/wp\/v2\/media\/29252"}],"wp:attachment":[{"href":"https:\/\/www.saloanoticias.com\/v1\/wp-json\/wp\/v2\/media?parent=29247"}],"wp:term":[{"taxonomy":"category","embeddable":true,"href":"https:\/\/www.saloanoticias.com\/v1\/wp-json\/wp\/v2\/categories?post=29247"},{"taxonomy":"post_tag","embeddable":true,"href":"https:\/\/www.saloanoticias.com\/v1\/wp-json\/wp\/v2\/tags?post=29247"}],"curies":[{"name":"wp","href":"https:\/\/api.w.org\/{rel}","templated":true}]}}