{"id":2924,"date":"2016-10-07T23:30:00","date_gmt":"2016-10-07T23:30:00","guid":{"rendered":"https:\/\/saloanoticias.mrmediaweb.com\/v1\/2016\/10\/07\/nova-diretoria-do-sindicato-de-saloa-toma-posse-no-proximo-domingo-dia-9\/"},"modified":"2016-10-07T23:30:00","modified_gmt":"2016-10-07T23:30:00","slug":"nova-diretoria-do-sindicato-de-saloa-toma-posse-no-proximo-domingo-dia-9","status":"publish","type":"post","link":"https:\/\/www.saloanoticias.com\/v1\/nova-diretoria-do-sindicato-de-saloa-toma-posse-no-proximo-domingo-dia-9\/","title":{"rendered":"NOVA DIRETORIA DO SINDICATO DE SALO\u00c1 TOMA POSSE NO PR\u00d3XIMO DOMINGO DIA 9"},"content":{"rendered":"<p align=\"justify\"><font size=\"3\" face=\"Arial\"><a href=\"http:\/\/www.saloanoticias.com\/images\/sindicato-saloa_d5ebd81f81151fd93c59f2cf7de5742d.jpg\"><img loading=\"lazy\" decoding=\"async\" title=\"Sindicato Saloa\" style=\"border-left-width: 0px; border-right-width: 0px; background-image: none; border-bottom-width: 0px; float: none; padding-top: 0px; padding-left: 0px; margin: 0px auto 10px; display: block; padding-right: 0px; border-top-width: 0px\" border=\"0\" alt=\"Sindicato Saloa\" src=\"http:\/\/www.saloanoticias.com\/v1\/wp-content\/uploads\/imagens\/sindicato-saloa_thumb_5b39cdbe86e5570afce94a020da32047.jpg\" width=\"1390\" height=\"921\"><\/a>O Sindicato dos Trabalhadores Rurais de Salo\u00e1\/PE (STR), convida todos os seus associados e a popula\u00e7\u00e3o em geral para participarem da solenidade de posse da sua nova Mesa Diretora que ser\u00e1 realizada no pr\u00f3ximo domingo, dia 9 de outubro do corrente ano, a partir das 9h da manh\u00e3, no sal\u00e3o de reuni\u00f5es do referido sindicato. O convite est\u00e1 sendo feito em nome do presidente reeleito, Jos\u00e9 Ferreira da Silva, o conhecido Z\u00e9 do Padre e dos demais que comp\u00f5em a diretoria.<\/font><\/p>\n<p align=\"justify\"><font size=\"3\" face=\"Arial\">Estar\u00e3o presentes nesta solenidade, secret\u00e1rios de governo, vereadores, o prefeito Manoel Ricardo de Andrade Lima Alves, todos os membros que far\u00e3o parte da nova diretoria do STR e centenas de associados. Segundo o presidente, Z\u00e9 do Padre, \u00e9 de fundamental import\u00e2ncia a presen\u00e7a de todos, pois, as parcerias tornam o sindicato ainda mais forte.<\/font><\/p>\n<div style=\"margin-top: 0px; margin-bottom: 0px;\" class=\"sharethis-inline-share-buttons\" ><\/div>","protected":false},"excerpt":{"rendered":"<p>O Sindicato dos Trabalhadores Rurais de Salo\u00e1\/PE (STR), convida todos os seus associados e a popula\u00e7\u00e3o em geral para participarem da solenidade de posse da sua nova Mesa Diretora que ser\u00e1 realizada no pr\u00f3ximo domingo, dia 9 de outubro do corrente ano, a partir das 9h da manh\u00e3, no sal\u00e3o de reuni\u00f5es do referido sindicato. [&hellip;]<\/p>\n","protected":false},"author":1,"featured_media":0,"comment_status":"open","ping_status":"open","sticky":false,"template":"","format":"standard","meta":{"footnotes":""},"categories":[2],"tags":[],"class_list":["post-2924","post","type-post","status-publish","format-standard","hentry","category-noticias-do-dia"],"_links":{"self":[{"href":"https:\/\/www.saloanoticias.com\/v1\/wp-json\/wp\/v2\/posts\/2924","targetHints":{"allow":["GET"]}}],"collection":[{"href":"https:\/\/www.saloanoticias.com\/v1\/wp-json\/wp\/v2\/posts"}],"about":[{"href":"https:\/\/www.saloanoticias.com\/v1\/wp-json\/wp\/v2\/types\/post"}],"author":[{"embeddable":true,"href":"https:\/\/www.saloanoticias.com\/v1\/wp-json\/wp\/v2\/users\/1"}],"replies":[{"embeddable":true,"href":"https:\/\/www.saloanoticias.com\/v1\/wp-json\/wp\/v2\/comments?post=2924"}],"version-history":[{"count":0,"href":"https:\/\/www.saloanoticias.com\/v1\/wp-json\/wp\/v2\/posts\/2924\/revisions"}],"wp:attachment":[{"href":"https:\/\/www.saloanoticias.com\/v1\/wp-json\/wp\/v2\/media?parent=2924"}],"wp:term":[{"taxonomy":"category","embeddable":true,"href":"https:\/\/www.saloanoticias.com\/v1\/wp-json\/wp\/v2\/categories?post=2924"},{"taxonomy":"post_tag","embeddable":true,"href":"https:\/\/www.saloanoticias.com\/v1\/wp-json\/wp\/v2\/tags?post=2924"}],"curies":[{"name":"wp","href":"https:\/\/api.w.org\/{rel}","templated":true}]}}