{"id":29237,"date":"2025-08-11T10:16:12","date_gmt":"2025-08-11T13:16:12","guid":{"rendered":"https:\/\/www.saloanoticias.com\/v1\/?p=29237"},"modified":"2025-08-11T10:16:13","modified_gmt":"2025-08-11T13:16:13","slug":"prefeitura-de-saloa-reforca-frota-com-novos-equipamentos","status":"publish","type":"post","link":"https:\/\/www.saloanoticias.com\/v1\/prefeitura-de-saloa-reforca-frota-com-novos-equipamentos\/","title":{"rendered":"Prefeitura de Salo\u00e1 refor\u00e7a frota com novos equipamentos"},"content":{"rendered":"\n<p>Na pr\u00f3xima quarta-feira, dia 13, a Prefeitura de Salo\u00e1, em um evento em frente \u00e0 sede do poder executivo municipal, far\u00e1 a entrega de dois novos ve\u00edculos que ir\u00e3o refor\u00e7ar a frota do munic\u00edpio: uma retroescavadeira e um trator com grade, ambos zero quil\u00f4metro.<br><br>A aquisi\u00e7\u00e3o, \u00e9 um marco para a administra\u00e7\u00e3o p\u00fablica, pois ir\u00e1 aprimorar os servi\u00e7os prestados em toda a cidade, especialmente na zona rural. A nova retroescavadeira e o trator com grade ir\u00e3o garantir mais agilidade e efici\u00eancia em diversas atividades, como a manuten\u00e7\u00e3o de estradas vicinais, a limpeza de terrenos e a assist\u00eancia aos pequenos agricultores.<br><br>O prefeito J\u00fanior de Rivaldo, que estar\u00e1 presente na entrega, refor\u00e7a que a a\u00e7\u00e3o \u00e9 um investimento na qualidade de vida da popula\u00e7\u00e3o. &#8220;Estamos trabalhando para modernizar a nossa frota de ve\u00edculos e, com isso, garantir que os servi\u00e7os essenciais cheguem com mais rapidez e qualidade a todos os cantos do nosso munic\u00edpio&#8221;, afirma.<\/p>\n\n\n\n<p>A cerim\u00f4nia de entrega est\u00e1 marcada para as 10h, em frente \u00e0 prefeitura, e \u00e9 aberta \u00e0 popula\u00e7\u00e3o.<\/p>\n<div style=\"margin-top: 0px; margin-bottom: 0px;\" class=\"sharethis-inline-share-buttons\" ><\/div>","protected":false},"excerpt":{"rendered":"<p>Na pr\u00f3xima quarta-feira, dia 13, a Prefeitura de Salo\u00e1, em um evento em frente \u00e0 sede do poder executivo municipal, far\u00e1 a entrega de dois novos ve\u00edculos que ir\u00e3o refor\u00e7ar a frota do munic\u00edpio: uma retroescavadeira e um trator com grade, ambos zero quil\u00f4metro. A aquisi\u00e7\u00e3o, \u00e9 um marco para a administra\u00e7\u00e3o p\u00fablica, pois ir\u00e1 [&hellip;]<\/p>\n","protected":false},"author":1,"featured_media":29238,"comment_status":"closed","ping_status":"closed","sticky":false,"template":"","format":"standard","meta":{"footnotes":""},"categories":[21],"tags":[22],"class_list":["post-29237","post","type-post","status-publish","format-standard","has-post-thumbnail","hentry","category-cidade","tag-destaques"],"_links":{"self":[{"href":"https:\/\/www.saloanoticias.com\/v1\/wp-json\/wp\/v2\/posts\/29237","targetHints":{"allow":["GET"]}}],"collection":[{"href":"https:\/\/www.saloanoticias.com\/v1\/wp-json\/wp\/v2\/posts"}],"about":[{"href":"https:\/\/www.saloanoticias.com\/v1\/wp-json\/wp\/v2\/types\/post"}],"author":[{"embeddable":true,"href":"https:\/\/www.saloanoticias.com\/v1\/wp-json\/wp\/v2\/users\/1"}],"replies":[{"embeddable":true,"href":"https:\/\/www.saloanoticias.com\/v1\/wp-json\/wp\/v2\/comments?post=29237"}],"version-history":[{"count":1,"href":"https:\/\/www.saloanoticias.com\/v1\/wp-json\/wp\/v2\/posts\/29237\/revisions"}],"predecessor-version":[{"id":29239,"href":"https:\/\/www.saloanoticias.com\/v1\/wp-json\/wp\/v2\/posts\/29237\/revisions\/29239"}],"wp:featuredmedia":[{"embeddable":true,"href":"https:\/\/www.saloanoticias.com\/v1\/wp-json\/wp\/v2\/media\/29238"}],"wp:attachment":[{"href":"https:\/\/www.saloanoticias.com\/v1\/wp-json\/wp\/v2\/media?parent=29237"}],"wp:term":[{"taxonomy":"category","embeddable":true,"href":"https:\/\/www.saloanoticias.com\/v1\/wp-json\/wp\/v2\/categories?post=29237"},{"taxonomy":"post_tag","embeddable":true,"href":"https:\/\/www.saloanoticias.com\/v1\/wp-json\/wp\/v2\/tags?post=29237"}],"curies":[{"name":"wp","href":"https:\/\/api.w.org\/{rel}","templated":true}]}}