{"id":2923,"date":"2016-10-07T12:00:00","date_gmt":"2016-10-07T12:00:00","guid":{"rendered":"https:\/\/saloanoticias.mrmediaweb.com\/v1\/2016\/10\/07\/constantes-quedas-de-energia-revolta-populacao-de-saloa\/"},"modified":"2016-10-07T12:00:00","modified_gmt":"2016-10-07T12:00:00","slug":"constantes-quedas-de-energia-revolta-populacao-de-saloa","status":"publish","type":"post","link":"https:\/\/www.saloanoticias.com\/v1\/constantes-quedas-de-energia-revolta-populacao-de-saloa\/","title":{"rendered":"CONSTANTES QUEDAS DE ENERGIA REVOLTA A POPULA\u00c7\u00c3O DE SALO\u00c1"},"content":{"rendered":"<p align=\"justify\"><font size=\"3\" face=\"Arial\"><a href=\"http:\/\/www.saloanoticias.com\/images\/14469441_1115868411812058_5887305282367283013_n_717c494b155fe0bd2156165bb465659e.jpg\"><img loading=\"lazy\" decoding=\"async\" title=\"14469441_1115868411812058_5887305282367283013_n\" style=\"border-top: 0px; border-right: 0px; background-image: none; border-bottom: 0px; float: left; padding-top: 0px; padding-left: 0px; margin: 5px 5px 0px 0px; border-left: 0px; display: inline; padding-right: 0px\" border=\"0\" alt=\"14469441_1115868411812058_5887305282367283013_n\" src=\"http:\/\/www.saloanoticias.com\/v1\/wp-content\/uploads\/imagens\/14469441_1115868411812058_5887305282367283013_n_thumb_135f1505b0a59badb10ee84ec3eb1b73.jpg\" width=\"302\" align=\"left\" height=\"194\"><\/a>As constantes quedas de energia tem provocado uma grande revolta na popula\u00e7\u00e3o da cidade de Salo\u00e1\/PE, al\u00e9m \u00e9 claro, de causar grandes preju\u00edzos com a queima dos aparelhos eletroeletr\u00f4nicos das resid\u00eancias. Pelo que se observa, durante o dia acontecem pelo menos uma dezena de quedas, prejudicando o com\u00e9rcio, departamentos p\u00fablicos, cl\u00ednicas de sa\u00fade e principalmente o hospital da cidade, que n\u00e3o pode ficar sem o abastecimento de energia.<\/font><\/p>\n<p align=\"justify\"><font size=\"3\" face=\"Arial\">A CELPE, Companhia Energ\u00e9tica de Pernambuco, tem que fazer algum tipo de comunicado a popula\u00e7\u00e3o explicando o que realmente est\u00e1 acontecendo, e, resolver o problema para que a falta de energia constante n\u00e3o aconte\u00e7a mais, j\u00e1 que n\u00e3o s\u00e3o poucos os casos de reclama\u00e7\u00f5es, por queima de aparelhos e outros transtornos mais. Vamos deixar o espa\u00e7o aberto neste blog para que a dire\u00e7\u00e3o da CELPE se pronuncie e nos informe o que realmente est\u00e1 acontecendo com a rede de energia no munic\u00edpio.<\/font><\/p>\n<p align=\"justify\"><font size=\"3\" face=\"Arial\">Aos que foram prejudicados e perderam seus aparelhos eletr\u00f4nicos, aconselhamos procurarem um advogado ou at\u00e9 mesmo o Minist\u00e9rio P\u00fablico do Estado para atrav\u00e9s de uma a\u00e7\u00e3o judicial terem seus danos reparados. Fornecimento de energia \u00e9 um servi\u00e7o b\u00e1sico e deve ser mantido initerruptamente, n\u00e3o da forma que est\u00e1 acontecendo, por isso, a popula\u00e7\u00e3o tem todo o direito de reclamar aos \u00f3rg\u00e3os competentes.<\/font><\/p>\n<div style=\"margin-top: 0px; margin-bottom: 0px;\" class=\"sharethis-inline-share-buttons\" ><\/div>","protected":false},"excerpt":{"rendered":"<p>As constantes quedas de energia tem provocado uma grande revolta na popula\u00e7\u00e3o da cidade de Salo\u00e1\/PE, al\u00e9m \u00e9 claro, de causar grandes preju\u00edzos com a queima dos aparelhos eletroeletr\u00f4nicos das resid\u00eancias. Pelo que se observa, durante o dia acontecem pelo menos uma dezena de quedas, prejudicando o com\u00e9rcio, departamentos p\u00fablicos, cl\u00ednicas de sa\u00fade e principalmente [&hellip;]<\/p>\n","protected":false},"author":1,"featured_media":0,"comment_status":"open","ping_status":"open","sticky":false,"template":"","format":"standard","meta":{"footnotes":""},"categories":[2],"tags":[],"class_list":["post-2923","post","type-post","status-publish","format-standard","hentry","category-noticias-do-dia"],"_links":{"self":[{"href":"https:\/\/www.saloanoticias.com\/v1\/wp-json\/wp\/v2\/posts\/2923","targetHints":{"allow":["GET"]}}],"collection":[{"href":"https:\/\/www.saloanoticias.com\/v1\/wp-json\/wp\/v2\/posts"}],"about":[{"href":"https:\/\/www.saloanoticias.com\/v1\/wp-json\/wp\/v2\/types\/post"}],"author":[{"embeddable":true,"href":"https:\/\/www.saloanoticias.com\/v1\/wp-json\/wp\/v2\/users\/1"}],"replies":[{"embeddable":true,"href":"https:\/\/www.saloanoticias.com\/v1\/wp-json\/wp\/v2\/comments?post=2923"}],"version-history":[{"count":0,"href":"https:\/\/www.saloanoticias.com\/v1\/wp-json\/wp\/v2\/posts\/2923\/revisions"}],"wp:attachment":[{"href":"https:\/\/www.saloanoticias.com\/v1\/wp-json\/wp\/v2\/media?parent=2923"}],"wp:term":[{"taxonomy":"category","embeddable":true,"href":"https:\/\/www.saloanoticias.com\/v1\/wp-json\/wp\/v2\/categories?post=2923"},{"taxonomy":"post_tag","embeddable":true,"href":"https:\/\/www.saloanoticias.com\/v1\/wp-json\/wp\/v2\/tags?post=2923"}],"curies":[{"name":"wp","href":"https:\/\/api.w.org\/{rel}","templated":true}]}}