{"id":2922,"date":"2016-10-07T11:00:00","date_gmt":"2016-10-07T11:00:00","guid":{"rendered":"https:\/\/saloanoticias.mrmediaweb.com\/v1\/2016\/10\/07\/leilao-de-carros-e-moto-atraiu-grande-publico-em-garanhuns\/"},"modified":"2016-10-07T11:00:00","modified_gmt":"2016-10-07T11:00:00","slug":"leilao-de-carros-e-moto-atraiu-grande-publico-em-garanhuns","status":"publish","type":"post","link":"https:\/\/www.saloanoticias.com\/v1\/leilao-de-carros-e-moto-atraiu-grande-publico-em-garanhuns\/","title":{"rendered":"LEIL\u00c3O DE CARROS E MOTO ATRAIU GRANDE P\u00daBLICO EM GARANHUNS"},"content":{"rendered":"<p align=\"justify\"><font size=\"3\" face=\"Arial\"><a href=\"http:\/\/www.saloanoticias.com\/images\/14469441_1115868411812058_5887305282367283013_n_238fadd0e6aa396ab5f9d3906cbef083.jpg\"><img loading=\"lazy\" decoding=\"async\" title=\"14469441_1115868411812058_5887305282367283013_n\" style=\"border-top: 0px; border-right: 0px; background-image: none; border-bottom: 0px; float: none; padding-top: 0px; padding-left: 0px; margin: 0px auto 10px; border-left: 0px; display: block; padding-right: 0px\" border=\"0\" alt=\"14469441_1115868411812058_5887305282367283013_n\" src=\"http:\/\/www.saloanoticias.com\/v1\/wp-content\/uploads\/imagens\/14469441_1115868411812058_5887305282367283013_n_thumb_cd83c09a4ab27d82a6a198003e377253.jpg\" width=\"1451\" height=\"815\"><\/a>Terminou na manh\u00e3 desta quinta-feira (6) no p\u00e1tio da Autarquia Municipal de Seguran\u00e7a, Tr\u00e2nsito e Transporte (AMSTT), em Garanhuns, o primeiro leil\u00e3o de ve\u00edculos usados da institui\u00e7\u00e3o. Durante toda manh\u00e3 e tarde desta quarta (05) e quinta-feira (06), o leiloeiro oficial, Luciano Rodrigues, esteve ofertando mais de 600 motocicletas usadas, que foram recolhidas pela institui\u00e7\u00e3o e est\u00e3o dispon\u00edveis para aquisi\u00e7\u00e3o dos interessados. <\/font><font size=\"3\" face=\"Arial\">A iniciativa de disponibilizar os ve\u00edculos que n\u00e3o foram retirados durante o prazo por seus propriet\u00e1rios condiciona uma alternativa para que seja feita a remo\u00e7\u00e3o dos mesmos, evitando assim, o ac\u00famulo de motocicletas usadas e sucata.<\/font> <\/p>\n<p align=\"justify\"><font size=\"3\" face=\"Arial\">\u201cEsta \u00e9 uma a\u00e7\u00e3o inovadora em nosso estado, a ideia de promover o leil\u00e3o serve tamb\u00e9m como um atrativo de recursos para que possamos investir no tr\u00e2nsito de Garanhuns, desafogando vias e construindo bin\u00e1rios\u201d, declarou o presidente da AMSTT, o coronel Emmanuel Leite. <\/font><font size=\"3\" face=\"Arial\">Durante a manh\u00e3 de quarta, um grande n\u00famero de interessados compareceu ao local, para realizar uma avalia\u00e7\u00e3o visual dos 371 lotes e dar seus lances nos ve\u00edculos ofertados.<\/font> <\/p>\n<p align=\"justify\"><font size=\"3\" face=\"Arial\">\u201cEu me interessei por uma moto em especial, e foi uma oportunidade \u00fanica que n\u00e3o podia deixar passar, ainda mais com tantos pre\u00e7os acess\u00edveis\u201d, finalizou o empres\u00e1rio, Hugo de Deus Camelo, de 30 anos. <\/font><font size=\"3\" face=\"Arial\">O leil\u00e3o se estendeu at\u00e9 a quinta-feira (06), come\u00e7ando a partir das 10h, no p\u00e1tio da AMSTT, localizado na avenida Irga, n\u00ba 100, no bairro Novo Heli\u00f3polis (pr\u00f3x. ao Assa\u00ed Atacadista). <\/font><font size=\"3\" face=\"Arial\">Poderia participar do leil\u00e3o qualquer pessoa f\u00edsica ou jur\u00eddica, atrav\u00e9s da apresenta\u00e7\u00e3o de documento com foto (CNH) e comprovante de resid\u00eancia atualizado, n\u00e3o sendo permitida a participa\u00e7\u00e3o de menores de idade. <strong><font size=\"2\">Fonte: SECOM de Garanhuns<\/font><\/strong><\/font><\/p>\n<div style=\"margin-top: 0px; margin-bottom: 0px;\" class=\"sharethis-inline-share-buttons\" ><\/div>","protected":false},"excerpt":{"rendered":"<p>Terminou na manh\u00e3 desta quinta-feira (6) no p\u00e1tio da Autarquia Municipal de Seguran\u00e7a, Tr\u00e2nsito e Transporte (AMSTT), em Garanhuns, o primeiro leil\u00e3o de ve\u00edculos usados da institui\u00e7\u00e3o. Durante toda manh\u00e3 e tarde desta quarta (05) e quinta-feira (06), o leiloeiro oficial, Luciano Rodrigues, esteve ofertando mais de 600 motocicletas usadas, que foram recolhidas pela institui\u00e7\u00e3o [&hellip;]<\/p>\n","protected":false},"author":1,"featured_media":0,"comment_status":"open","ping_status":"open","sticky":false,"template":"","format":"standard","meta":{"footnotes":""},"categories":[2],"tags":[],"class_list":["post-2922","post","type-post","status-publish","format-standard","hentry","category-noticias-do-dia"],"_links":{"self":[{"href":"https:\/\/www.saloanoticias.com\/v1\/wp-json\/wp\/v2\/posts\/2922","targetHints":{"allow":["GET"]}}],"collection":[{"href":"https:\/\/www.saloanoticias.com\/v1\/wp-json\/wp\/v2\/posts"}],"about":[{"href":"https:\/\/www.saloanoticias.com\/v1\/wp-json\/wp\/v2\/types\/post"}],"author":[{"embeddable":true,"href":"https:\/\/www.saloanoticias.com\/v1\/wp-json\/wp\/v2\/users\/1"}],"replies":[{"embeddable":true,"href":"https:\/\/www.saloanoticias.com\/v1\/wp-json\/wp\/v2\/comments?post=2922"}],"version-history":[{"count":0,"href":"https:\/\/www.saloanoticias.com\/v1\/wp-json\/wp\/v2\/posts\/2922\/revisions"}],"wp:attachment":[{"href":"https:\/\/www.saloanoticias.com\/v1\/wp-json\/wp\/v2\/media?parent=2922"}],"wp:term":[{"taxonomy":"category","embeddable":true,"href":"https:\/\/www.saloanoticias.com\/v1\/wp-json\/wp\/v2\/categories?post=2922"},{"taxonomy":"post_tag","embeddable":true,"href":"https:\/\/www.saloanoticias.com\/v1\/wp-json\/wp\/v2\/tags?post=2922"}],"curies":[{"name":"wp","href":"https:\/\/api.w.org\/{rel}","templated":true}]}}