{"id":2920,"date":"2016-10-06T14:00:00","date_gmt":"2016-10-06T14:00:00","guid":{"rendered":"https:\/\/saloanoticias.mrmediaweb.com\/v1\/2016\/10\/06\/reinaldo-martins-e-o-campeao-de-votos-em-saloa\/"},"modified":"2016-10-06T14:00:00","modified_gmt":"2016-10-06T14:00:00","slug":"reinaldo-martins-e-o-campeao-de-votos-em-saloa","status":"publish","type":"post","link":"https:\/\/www.saloanoticias.com\/v1\/reinaldo-martins-e-o-campeao-de-votos-em-saloa\/","title":{"rendered":"REINALDO MARTINS, O CAMPE\u00c3O DE VOTOS PARA VEREADOR EM SALO\u00c1"},"content":{"rendered":"<p align=\"justify\"><font size=\"3\" face=\"Arial\"><a href=\"http:\/\/www.saloanoticias.com\/images\/salo-notcias_335087d8bde33b1840fa9ef884331249.jpg\"><img loading=\"lazy\" decoding=\"async\" title=\"Salo&aacute; not&iacute;cias\" style=\"border-top: 0px; border-right: 0px; background-image: none; border-bottom: 0px; float: left; padding-top: 0px; padding-left: 0px; margin: 5px 5px 0px 0px; border-left: 0px; display: inline; padding-right: 0px\" border=\"0\" alt=\"Salo&aacute; not&iacute;cias\" src=\"http:\/\/www.saloanoticias.com\/v1\/wp-content\/uploads\/imagens\/salo-notcias_thumb_953185a52294cabe767897bd000cf55f.jpg\" width=\"243\" align=\"left\" height=\"225\"><\/a>A \u00faltima elei\u00e7\u00e3o no munic\u00edpio de Salo\u00e1\/PE foi bastante surpreendente, pois, v\u00e1rios fatos chamaram a aten\u00e7\u00e3o de todos, principalmente da classe pol\u00edtica. Dentre as surpresas est\u00e1 a vota\u00e7\u00e3o de Reinaldo Barra Nova de Melo, mais conhecido por Reinaldo Martins (PMDB), de 46 anos e de profiss\u00e3o agricultor, que ficou em primeiro lugar na vota\u00e7\u00e3o para vereador. Ele j\u00e1 havia sido candidato em tr\u00eas outras oportunidades, ficando sempre na supl\u00eancia, e agora, chegou na c\u00e2mara municipal com uma boa vota\u00e7\u00e3o, obtendo 575 votos, ou seja 6,12% dos votos v\u00e1lidos.<\/font><\/p>\n<p align=\"justify\"><font size=\"3\" face=\"Arial\">O vereador eleito representa as regi\u00f5es de Meladinho, Santo Ant\u00f4nio e Ex\u00fa, e j\u00e1 possui um trabalho bastante reconhecido mesmo antes de ter seu mandato eletivo. Reinaldo Martins \u00e9 um homem simples e tem tudo para exercer a fun\u00e7\u00e3o de vereador de forma muito produtiva para a cidade, pois, j\u00e1 tem uma larga experi\u00eancia com a popula\u00e7\u00e3o.<\/font><\/p>\n<div style=\"margin-top: 0px; margin-bottom: 0px;\" class=\"sharethis-inline-share-buttons\" ><\/div>","protected":false},"excerpt":{"rendered":"<p>A \u00faltima elei\u00e7\u00e3o no munic\u00edpio de Salo\u00e1\/PE foi bastante surpreendente, pois, v\u00e1rios fatos chamaram a aten\u00e7\u00e3o de todos, principalmente da classe pol\u00edtica. Dentre as surpresas est\u00e1 a vota\u00e7\u00e3o de Reinaldo Barra Nova de Melo, mais conhecido por Reinaldo Martins (PMDB), de 46 anos e de profiss\u00e3o agricultor, que ficou em primeiro lugar na vota\u00e7\u00e3o para [&hellip;]<\/p>\n","protected":false},"author":1,"featured_media":0,"comment_status":"open","ping_status":"open","sticky":false,"template":"","format":"standard","meta":{"footnotes":""},"categories":[2],"tags":[],"class_list":["post-2920","post","type-post","status-publish","format-standard","hentry","category-noticias-do-dia"],"_links":{"self":[{"href":"https:\/\/www.saloanoticias.com\/v1\/wp-json\/wp\/v2\/posts\/2920","targetHints":{"allow":["GET"]}}],"collection":[{"href":"https:\/\/www.saloanoticias.com\/v1\/wp-json\/wp\/v2\/posts"}],"about":[{"href":"https:\/\/www.saloanoticias.com\/v1\/wp-json\/wp\/v2\/types\/post"}],"author":[{"embeddable":true,"href":"https:\/\/www.saloanoticias.com\/v1\/wp-json\/wp\/v2\/users\/1"}],"replies":[{"embeddable":true,"href":"https:\/\/www.saloanoticias.com\/v1\/wp-json\/wp\/v2\/comments?post=2920"}],"version-history":[{"count":0,"href":"https:\/\/www.saloanoticias.com\/v1\/wp-json\/wp\/v2\/posts\/2920\/revisions"}],"wp:attachment":[{"href":"https:\/\/www.saloanoticias.com\/v1\/wp-json\/wp\/v2\/media?parent=2920"}],"wp:term":[{"taxonomy":"category","embeddable":true,"href":"https:\/\/www.saloanoticias.com\/v1\/wp-json\/wp\/v2\/categories?post=2920"},{"taxonomy":"post_tag","embeddable":true,"href":"https:\/\/www.saloanoticias.com\/v1\/wp-json\/wp\/v2\/tags?post=2920"}],"curies":[{"name":"wp","href":"https:\/\/api.w.org\/{rel}","templated":true}]}}