{"id":29196,"date":"2025-08-07T10:21:43","date_gmt":"2025-08-07T13:21:43","guid":{"rendered":"https:\/\/www.saloanoticias.com\/v1\/?p=29196"},"modified":"2025-08-07T10:28:44","modified_gmt":"2025-08-07T13:28:44","slug":"prefeitura-de-saloa-entrega-novos-fardamentos-aos-servidores-da-feira-acougue-e-abastecimento-de-agua","status":"publish","type":"post","link":"https:\/\/www.saloanoticias.com\/v1\/prefeitura-de-saloa-entrega-novos-fardamentos-aos-servidores-da-feira-acougue-e-abastecimento-de-agua\/","title":{"rendered":"Prefeitura de Salo\u00e1 entrega novos fardamentos aos servidores da feira, a\u00e7ougue e abastecimento de \u00e1gua"},"content":{"rendered":"\n<p>Na \u00faltima ter\u00e7a-feira (5), a Prefeitura de Salo\u00e1, por meio da Secretaria de Agricultura, realizou a entrega de novos fardamentos para os fiscais da feira livre, do a\u00e7ougue p\u00fablico e para os coordenadores do abastecimento de \u00e1gua do munic\u00edpio.<\/p>\n\n\n\n<p>A a\u00e7\u00e3o visa valorizar o trabalho desses servidores que atuam diretamente no dia a dia da cidade, refor\u00e7ando a identidade visual e garantindo melhores condi\u00e7\u00f5es de atua\u00e7\u00e3o. Os novos uniformes proporcionam mais organiza\u00e7\u00e3o, visibilidade e conforto para os profissionais, que desempenham fun\u00e7\u00f5es essenciais junto \u00e0 popula\u00e7\u00e3o.<\/p>\n\n\n<div class=\"wp-block-image\">\n<figure class=\"aligncenter size-full\"><img loading=\"lazy\" decoding=\"async\" width=\"960\" height=\"606\" src=\"https:\/\/www.saloanoticias.com\/v1\/wp-content\/uploads\/2025\/08\/IMG_7894.jpeg\" alt=\"\" class=\"wp-image-29202\" srcset=\"https:\/\/www.saloanoticias.com\/v1\/wp-content\/uploads\/2025\/08\/IMG_7894.jpeg 960w, https:\/\/www.saloanoticias.com\/v1\/wp-content\/uploads\/2025\/08\/IMG_7894-300x189.jpeg 300w, https:\/\/www.saloanoticias.com\/v1\/wp-content\/uploads\/2025\/08\/IMG_7894-768x485.jpeg 768w\" sizes=\"auto, (max-width: 960px) 100vw, 960px\" \/><\/figure>\n<\/div>\n\n\n<p>O secret\u00e1rio de Agricultura destacou a import\u00e2ncia do gesto: \u201cEstamos investindo em nossos servidores porque reconhecemos a import\u00e2ncia do trabalho de cada um. Essa entrega \u00e9 tamb\u00e9m uma forma de respeito e reconhecimento ao servi\u00e7o que eles prestam com dedica\u00e7\u00e3o todos os dias\u201d.<\/p>\n\n\n\n<p>A Prefeitura segue trabalhando para fortalecer as estruturas dos servi\u00e7os p\u00fablicos e reafirma seu compromisso com a valoriza\u00e7\u00e3o dos trabalhadores e com a melhoria cont\u00ednua dos servi\u00e7os ofertados \u00e0 popula\u00e7\u00e3o saloaense.<\/p>\n\n\n<div class=\"wp-block-image\">\n<figure class=\"aligncenter size-large\"><img loading=\"lazy\" decoding=\"async\" width=\"1024\" height=\"668\" src=\"https:\/\/www.saloanoticias.com\/v1\/wp-content\/uploads\/2025\/08\/faa570d2-5e1a-4e84-8d43-f433c29fac49-1024x668.jpeg\" alt=\"\" class=\"wp-image-29200\" srcset=\"https:\/\/www.saloanoticias.com\/v1\/wp-content\/uploads\/2025\/08\/faa570d2-5e1a-4e84-8d43-f433c29fac49-1024x668.jpeg 1024w, https:\/\/www.saloanoticias.com\/v1\/wp-content\/uploads\/2025\/08\/faa570d2-5e1a-4e84-8d43-f433c29fac49-300x196.jpeg 300w, https:\/\/www.saloanoticias.com\/v1\/wp-content\/uploads\/2025\/08\/faa570d2-5e1a-4e84-8d43-f433c29fac49-768x501.jpeg 768w, https:\/\/www.saloanoticias.com\/v1\/wp-content\/uploads\/2025\/08\/faa570d2-5e1a-4e84-8d43-f433c29fac49-1536x1001.jpeg 1536w, https:\/\/www.saloanoticias.com\/v1\/wp-content\/uploads\/2025\/08\/faa570d2-5e1a-4e84-8d43-f433c29fac49-2048x1335.jpeg 2048w\" sizes=\"auto, (max-width: 1024px) 100vw, 1024px\" \/><\/figure>\n<\/div><div style=\"margin-top: 0px; margin-bottom: 0px;\" class=\"sharethis-inline-share-buttons\" ><\/div>","protected":false},"excerpt":{"rendered":"<p>Na \u00faltima ter\u00e7a-feira (5), a Prefeitura de Salo\u00e1, por meio da Secretaria de Agricultura, realizou a entrega de novos fardamentos para os fiscais da feira livre, do a\u00e7ougue p\u00fablico e para os coordenadores do abastecimento de \u00e1gua do munic\u00edpio. A a\u00e7\u00e3o visa valorizar o trabalho desses servidores que atuam diretamente no dia a dia da [&hellip;]<\/p>\n","protected":false},"author":1,"featured_media":29197,"comment_status":"closed","ping_status":"closed","sticky":false,"template":"","format":"standard","meta":{"footnotes":""},"categories":[21],"tags":[22],"class_list":["post-29196","post","type-post","status-publish","format-standard","has-post-thumbnail","hentry","category-cidade","tag-destaques"],"_links":{"self":[{"href":"https:\/\/www.saloanoticias.com\/v1\/wp-json\/wp\/v2\/posts\/29196","targetHints":{"allow":["GET"]}}],"collection":[{"href":"https:\/\/www.saloanoticias.com\/v1\/wp-json\/wp\/v2\/posts"}],"about":[{"href":"https:\/\/www.saloanoticias.com\/v1\/wp-json\/wp\/v2\/types\/post"}],"author":[{"embeddable":true,"href":"https:\/\/www.saloanoticias.com\/v1\/wp-json\/wp\/v2\/users\/1"}],"replies":[{"embeddable":true,"href":"https:\/\/www.saloanoticias.com\/v1\/wp-json\/wp\/v2\/comments?post=29196"}],"version-history":[{"count":3,"href":"https:\/\/www.saloanoticias.com\/v1\/wp-json\/wp\/v2\/posts\/29196\/revisions"}],"predecessor-version":[{"id":29203,"href":"https:\/\/www.saloanoticias.com\/v1\/wp-json\/wp\/v2\/posts\/29196\/revisions\/29203"}],"wp:featuredmedia":[{"embeddable":true,"href":"https:\/\/www.saloanoticias.com\/v1\/wp-json\/wp\/v2\/media\/29197"}],"wp:attachment":[{"href":"https:\/\/www.saloanoticias.com\/v1\/wp-json\/wp\/v2\/media?parent=29196"}],"wp:term":[{"taxonomy":"category","embeddable":true,"href":"https:\/\/www.saloanoticias.com\/v1\/wp-json\/wp\/v2\/categories?post=29196"},{"taxonomy":"post_tag","embeddable":true,"href":"https:\/\/www.saloanoticias.com\/v1\/wp-json\/wp\/v2\/tags?post=29196"}],"curies":[{"name":"wp","href":"https:\/\/api.w.org\/{rel}","templated":true}]}}