{"id":2919,"date":"2016-10-05T22:00:00","date_gmt":"2016-10-05T22:00:00","guid":{"rendered":"https:\/\/saloanoticias.mrmediaweb.com\/v1\/2016\/10\/05\/projeto-de-robotica-da-manoel-tiago-mendes-faz-sucesso\/"},"modified":"2016-10-05T22:00:00","modified_gmt":"2016-10-05T22:00:00","slug":"projeto-de-robotica-da-manoel-tiago-mendes-faz-sucesso","status":"publish","type":"post","link":"https:\/\/www.saloanoticias.com\/v1\/projeto-de-robotica-da-manoel-tiago-mendes-faz-sucesso\/","title":{"rendered":"\u201cPROJETO DE ROB\u00d3TICA\u201d DA MANOEL TIAGO MENDES FAZ SUCESSO ENTRE ALUNOS"},"content":{"rendered":"<p align=\"justify\"><font size=\"3\" face=\"Arial\"><a href=\"http:\/\/www.saloanoticias.com\/images\/img_0290_898e383070c060fc30bc37d706841d49.jpg\"><img loading=\"lazy\" decoding=\"async\" title=\"IMG_0290\" style=\"border-top: 0px; border-right: 0px; background-image: none; border-bottom: 0px; float: none; padding-top: 0px; padding-left: 0px; margin: 0px auto 10px; border-left: 0px; display: block; padding-right: 0px\" border=\"0\" alt=\"IMG_0290\" src=\"http:\/\/www.saloanoticias.com\/v1\/wp-content\/uploads\/imagens\/img_0290_thumb_d7b9ce795e83968364f83077df764ade.jpg\" width=\"1399\" height=\"894\"><\/a>O Projeto de Rob\u00f3tica Educacional voltado para os alunos dos anos finais, teve a sua primeira aula na Escola Manoel Tiago Mendes. Com este projeto os alunos ter\u00e3o aulas te\u00f3ricas dando um embasamento sobre a hist\u00f3ria da tecnologia, rob\u00f3tica e suas \u00e1reas, tamb\u00e9m trabalharemos com a montagem dos rob\u00f4s que s\u00e3o todos sustent\u00e1veis se locomovem com energia solar; e o projeto tamb\u00e9m \u00e9 voltado para a sustentabilidade e aproveitando o tema tamb\u00e9m faremos a reciclagem de lixo eletr\u00f4nico, recriando novas pe\u00e7as que possam ser \u00fateis.<\/font><\/p>\n<p align=\"justify\"><font size=\"3\" face=\"Arial\">Pelas redes sociais, os que fazem parte daquela institui\u00e7\u00e3o falaram que est\u00e3o orgulhosos e gratos ao gestor municipal Ricardo Alves, ao secret\u00e1rio de educa\u00e7\u00e3o <\/font><a href=\"https:\/\/www.facebook.com\/deangelles.fiorentino\"><font size=\"3\" face=\"Arial\">Deangelles Fiorentino<\/font><\/a><font size=\"3\" face=\"Arial\"> e a professora de Matem\u00e1tica <\/font><a href=\"https:\/\/www.facebook.com\/profile.php?id=100000673596860\"><font size=\"3\" face=\"Arial\">Anne Danielle De Azevedo Alves<\/font><\/a><font size=\"3\" face=\"Arial\"> por este excelente projeto. <strong><font size=\"2\">Fonte e fotos: Facebook da Manoel Tiago Mendes<\/font><\/strong><\/font><\/p>\n<div style=\"margin-top: 0px; margin-bottom: 0px;\" class=\"sharethis-inline-share-buttons\" ><\/div>","protected":false},"excerpt":{"rendered":"<p>O Projeto de Rob\u00f3tica Educacional voltado para os alunos dos anos finais, teve a sua primeira aula na Escola Manoel Tiago Mendes. Com este projeto os alunos ter\u00e3o aulas te\u00f3ricas dando um embasamento sobre a hist\u00f3ria da tecnologia, rob\u00f3tica e suas \u00e1reas, tamb\u00e9m trabalharemos com a montagem dos rob\u00f4s que s\u00e3o todos sustent\u00e1veis se locomovem [&hellip;]<\/p>\n","protected":false},"author":1,"featured_media":0,"comment_status":"open","ping_status":"open","sticky":false,"template":"","format":"standard","meta":{"footnotes":""},"categories":[2],"tags":[],"class_list":["post-2919","post","type-post","status-publish","format-standard","hentry","category-noticias-do-dia"],"_links":{"self":[{"href":"https:\/\/www.saloanoticias.com\/v1\/wp-json\/wp\/v2\/posts\/2919","targetHints":{"allow":["GET"]}}],"collection":[{"href":"https:\/\/www.saloanoticias.com\/v1\/wp-json\/wp\/v2\/posts"}],"about":[{"href":"https:\/\/www.saloanoticias.com\/v1\/wp-json\/wp\/v2\/types\/post"}],"author":[{"embeddable":true,"href":"https:\/\/www.saloanoticias.com\/v1\/wp-json\/wp\/v2\/users\/1"}],"replies":[{"embeddable":true,"href":"https:\/\/www.saloanoticias.com\/v1\/wp-json\/wp\/v2\/comments?post=2919"}],"version-history":[{"count":0,"href":"https:\/\/www.saloanoticias.com\/v1\/wp-json\/wp\/v2\/posts\/2919\/revisions"}],"wp:attachment":[{"href":"https:\/\/www.saloanoticias.com\/v1\/wp-json\/wp\/v2\/media?parent=2919"}],"wp:term":[{"taxonomy":"category","embeddable":true,"href":"https:\/\/www.saloanoticias.com\/v1\/wp-json\/wp\/v2\/categories?post=2919"},{"taxonomy":"post_tag","embeddable":true,"href":"https:\/\/www.saloanoticias.com\/v1\/wp-json\/wp\/v2\/tags?post=2919"}],"curies":[{"name":"wp","href":"https:\/\/api.w.org\/{rel}","templated":true}]}}