{"id":29182,"date":"2025-08-05T15:54:44","date_gmt":"2025-08-05T18:54:44","guid":{"rendered":"https:\/\/www.saloanoticias.com\/v1\/?p=29182"},"modified":"2025-08-05T18:26:48","modified_gmt":"2025-08-05T21:26:48","slug":"caminhao-do-grupo-barra-nova-capota-em-saloa-ninguem-fica-ferido","status":"publish","type":"post","link":"https:\/\/www.saloanoticias.com\/v1\/caminhao-do-grupo-barra-nova-capota-em-saloa-ninguem-fica-ferido\/","title":{"rendered":"Caminh\u00e3o do Grupo Barra Nova capota em Salo\u00e1; ningu\u00e9m fica ferido!"},"content":{"rendered":"\n<p>Salo\u00e1, Pernambuco \u2013 Um caminh\u00e3o pertencente ao Grupo Barra Nova se envolveu em um acidente na manh\u00e3 desta ter\u00e7a-feira, 5 de agosto, na entrada da cidade de Salo\u00e1, nas proximidades do Posto Valentim.<\/p>\n\n\n\n<p>Segundo relatos de testemunhas, o ve\u00edculo capotou na via, causando um susto na comunidade local. Apesar da gravidade do capotamento, as informa\u00e7\u00f5es preliminares indicam que ningu\u00e9m se feriu no sinistro.<\/p>\n\n\n\n<p>O condutor do caminh\u00e3o conseguiu sair ileso do ve\u00edculo, o que \u00e9 um al\u00edvio diante da cena do acidente. Equipes de socorro e autoridades de tr\u00e2nsito foram acionadas e se deslocaram rapidamente para o local para prestar assist\u00eancia e controlar o tr\u00e1fego na regi\u00e3o.<\/p>\n\n\n\n<p>A causa do acidente ainda n\u00e3o foi oficialmente divulgada, mas a presen\u00e7a de equipes de fiscaliza\u00e7\u00e3o e o isolamento da \u00e1rea s\u00e3o procedimentos padr\u00e3o para a per\u00edcia. O incidente, embora sem v\u00edtimas, serve de alerta para a seguran\u00e7a nas vias da cidade por conta das obras de requalifica\u00e7\u00e3o da PE 223 e das fortes chuvas que deixa a estrada molhada e lisa.<\/p>\n\n\n\n<p>A pronta resposta das equipes de emerg\u00eancia e a aus\u00eancia de feridos s\u00e3o a principal not\u00edcia positiva em meio ao susto. <em>Fotos e v\u00eddeos retirados da Internet<\/em><\/p>\n\n\n\n<figure class=\"wp-block-embed aligncenter is-type-video is-provider-youtube wp-block-embed-youtube wp-embed-aspect-16-9 wp-has-aspect-ratio\"><div class=\"wp-block-embed__wrapper\">\n<iframe loading=\"lazy\" title=\"Caminh\u00e3o do Grupo Barra Nova capota na entrada de Salo\u00e1\/PE.\" width=\"740\" height=\"416\" src=\"https:\/\/www.youtube.com\/embed\/DwbZVFbxXrU?feature=oembed\" frameborder=\"0\" allow=\"accelerometer; autoplay; clipboard-write; encrypted-media; gyroscope; picture-in-picture; web-share\" referrerpolicy=\"strict-origin-when-cross-origin\" allowfullscreen><\/iframe>\n<\/div><\/figure>\n<div style=\"margin-top: 0px; margin-bottom: 0px;\" class=\"sharethis-inline-share-buttons\" ><\/div>","protected":false},"excerpt":{"rendered":"<p>Salo\u00e1, Pernambuco \u2013 Um caminh\u00e3o pertencente ao Grupo Barra Nova se envolveu em um acidente na manh\u00e3 desta ter\u00e7a-feira, 5 de agosto, na entrada da cidade de Salo\u00e1, nas proximidades do Posto Valentim. Segundo relatos de testemunhas, o ve\u00edculo capotou na via, causando um susto na comunidade local. Apesar da gravidade do capotamento, as informa\u00e7\u00f5es [&hellip;]<\/p>\n","protected":false},"author":1,"featured_media":29184,"comment_status":"closed","ping_status":"closed","sticky":false,"template":"","format":"standard","meta":{"footnotes":""},"categories":[21],"tags":[22],"class_list":["post-29182","post","type-post","status-publish","format-standard","has-post-thumbnail","hentry","category-cidade","tag-destaques"],"_links":{"self":[{"href":"https:\/\/www.saloanoticias.com\/v1\/wp-json\/wp\/v2\/posts\/29182","targetHints":{"allow":["GET"]}}],"collection":[{"href":"https:\/\/www.saloanoticias.com\/v1\/wp-json\/wp\/v2\/posts"}],"about":[{"href":"https:\/\/www.saloanoticias.com\/v1\/wp-json\/wp\/v2\/types\/post"}],"author":[{"embeddable":true,"href":"https:\/\/www.saloanoticias.com\/v1\/wp-json\/wp\/v2\/users\/1"}],"replies":[{"embeddable":true,"href":"https:\/\/www.saloanoticias.com\/v1\/wp-json\/wp\/v2\/comments?post=29182"}],"version-history":[{"count":4,"href":"https:\/\/www.saloanoticias.com\/v1\/wp-json\/wp\/v2\/posts\/29182\/revisions"}],"predecessor-version":[{"id":29187,"href":"https:\/\/www.saloanoticias.com\/v1\/wp-json\/wp\/v2\/posts\/29182\/revisions\/29187"}],"wp:featuredmedia":[{"embeddable":true,"href":"https:\/\/www.saloanoticias.com\/v1\/wp-json\/wp\/v2\/media\/29184"}],"wp:attachment":[{"href":"https:\/\/www.saloanoticias.com\/v1\/wp-json\/wp\/v2\/media?parent=29182"}],"wp:term":[{"taxonomy":"category","embeddable":true,"href":"https:\/\/www.saloanoticias.com\/v1\/wp-json\/wp\/v2\/categories?post=29182"},{"taxonomy":"post_tag","embeddable":true,"href":"https:\/\/www.saloanoticias.com\/v1\/wp-json\/wp\/v2\/tags?post=29182"}],"curies":[{"name":"wp","href":"https:\/\/api.w.org\/{rel}","templated":true}]}}