{"id":2918,"date":"2016-10-05T12:00:00","date_gmt":"2016-10-05T12:00:00","guid":{"rendered":"https:\/\/saloanoticias.mrmediaweb.com\/v1\/2016\/10\/05\/evangelico-e-o-vereador-mais-votado-em-caetes\/"},"modified":"2016-10-05T12:00:00","modified_gmt":"2016-10-05T12:00:00","slug":"evangelico-e-o-vereador-mais-votado-em-caetes","status":"publish","type":"post","link":"https:\/\/www.saloanoticias.com\/v1\/evangelico-e-o-vereador-mais-votado-em-caetes\/","title":{"rendered":"EVANG\u00c9LICO \u00c9 O VEREADOR MAIS VOTADO EM CAET\u00c9S NAS ELEI\u00c7\u00d5ES DE DOMINGO (2)"},"content":{"rendered":"<p align=\"justify\"><font size=\"3\" face=\"Arial\"><a href=\"http:\/\/www.saloanoticias.com\/images\/14469441_1115868411812058_5887305282367283013_n_b3b0d9e10444ceff71d6f2f630bc2fcb.jpg\"><img loading=\"lazy\" decoding=\"async\" title=\"14469441_1115868411812058_5887305282367283013_n\" style=\"border-top: 0px; border-right: 0px; background-image: none; border-bottom: 0px; float: left; padding-top: 0px; padding-left: 0px; margin: 5px 5px 0px 0px; border-left: 0px; display: inline; padding-right: 0px\" border=\"0\" alt=\"14469441_1115868411812058_5887305282367283013_n\" src=\"http:\/\/www.saloanoticias.com\/v1\/wp-content\/uploads\/imagens\/14469441_1115868411812058_5887305282367283013_n_thumb_e04230391c440a1b92438ca819bdff23.jpg\" width=\"272\" align=\"left\" height=\"197\"><\/a>Em 2012 Jos\u00e9 Inaldo da Silva, o <b>Irm\u00e3o Naldinho<\/b>, foi escolhido pelos fi\u00e9is de sua igreja, a Assembl\u00e9ia de Deus, para ser seu representante, em substitui\u00e7\u00e3o a outro irm\u00e3o da igreja que tinha mudado de lado depois de se eleger pela oposi\u00e7\u00e3o quatro anos antes. Naldinho aceitou a miss\u00e3o e se candidatou no grupo de Armando Duarte. Com 542 votos assumiu uma cadeira na C\u00e2mara de Vereadores de Caet\u00e9s. <\/font><font size=\"3\" face=\"Arial\">Durante o seu mandato o Irm\u00e3o Naldinho sempre buscou posi\u00e7\u00f5es coerentes com o que prometeu em palanque e tamb\u00e9m de acordo com a sua f\u00e9.<\/font> <\/p>\n<p align=\"justify\"><font size=\"3\" face=\"Arial\">Naldinho trabalhou feito um <i>doido<\/i> dando assist\u00eancia aos seus eleitores e tamb\u00e9m quem n\u00e3o votou nele. V\u00e1rias vezes o vereador ficou a p\u00e9, sem poder sair com sua fam\u00edlia, por que seu carro estava em viagem com algum eleitor, em hospitais, consult\u00f3rios ou aeroporto. Esse ano Naldinho pediu votos tendo mostrado servi\u00e7o. Deu certo e o parlamentar se reelegeu como vereador mais votado de Caet\u00e9s, com surpreendentes 7,41% dos votos, ou 1.059 sufr\u00e1gios.<\/font> <\/p>\n<p align=\"justify\"><font size=\"3\" face=\"Arial\">Ao final da vota\u00e7\u00e3o na tarde\/noite de ontem Naldinho foi at\u00e9 \u00e0 sua casa na Rua Manoel Isidoro, onde centenas de pessoas j\u00e1 o aguardavam. Mal chegou e foi carregado nos bra\u00e7os pelo povo. O vereador se emocionou e caiu em l\u00e1grimas de alegria. Naldinho fez quest\u00e3o de abra\u00e7ar cada um dos presentes, agradecendo a confian\u00e7a nele depositada. Seu telefone tamb\u00e9m n\u00e3o parou de tocar, com as pessoas o parabenizando pela nova conquista. Em seguida o Irm\u00e3o Naldinho foi em arrast\u00e3o at\u00e9 o centro da cidade onde se encontrou com o prefeito Armando, os demais candidatos e o povo, que fazia a festa da vit\u00f3ria.<\/font> <\/p>\n<p align=\"justify\"><b><font size=\"3\" face=\"Arial\">OS ELEITOS: <\/font><\/b><font size=\"3\" face=\"Arial\">Al\u00e9m de Naldinho, foram eleitos em Caet\u00e9s: <\/font><font face=\"Arial\"><font size=\"3\"><b>Tonho de Nina<\/b> foi o segundo colocado na elei\u00e7\u00e3o passada. Nunca deixou o poder subir \u00e0 cabe\u00e7a. Mec\u00e2nico, sujeito simples do povo, sempre est\u00e1 com um sorriso no rosto e a disponibilidade de servir ao pr\u00f3ximo. Gosta de estar entre os seus eleitores que na maioria s\u00e3o simples como ele. Aumentou sua vota\u00e7\u00e3o e teve 979 votos. <\/font><\/font><font face=\"Arial\"><font size=\"3\"><b>Di de Maria Cabrinha<\/b>, baixinho bom de bola, ganhou o apelido de &#8220;Dip Lik&#8221;, igual aquele pirulito de antigamente. Com o tempo passou a ser chamado simplesmente de &#8220;Di&#8221;. T\u00e9cnico em enfermagem entrou na disputa esse ano. Com seu 1,60 metros, foi um gigante nas urnas. Obteve 957 votos.<\/font><\/font> <\/p>\n<p align=\"justify\"><font face=\"Arial\"><font size=\"3\"><b>Lena <\/b>foi outra reeleita. Agricultora e l\u00edder em sua regi\u00e3o, a simp\u00e1tica vereadora volta \u00e0 C\u00e2mara com 813 votos. <\/font><\/font><font face=\"Arial\"><font size=\"3\"><b>Batonho<\/b> \u00e9 professor e l\u00edder pastoral da Igreja Cat\u00f3lica. Teve o apoio da classe e de sua numerosa fam\u00edlia e se elegeu pela primeira vez para vereador com 813 votos. <\/font><\/font><font face=\"Arial\"><font size=\"3\"><b>Paulinho do Gordo<\/b> \u00e9 comerciante e filho do vice-prefeito Severino e tamb\u00e9m foi reeleito. Mora na Vila Ara\u00e7\u00e1 que esse ano fez dois vereadores. Se elegeu com 784 votos.<\/font><\/font> <\/p>\n<p align=\"justify\"><font face=\"Arial\"><font size=\"3\"><b>Rozana de Marli<\/b> vai cumprir seu primeiro mandato como vereadora. \u00c9 a outra representante da Vila Ara\u00e7\u00e1. Chegou com 770 votos. <\/font><\/font><font size=\"3\" face=\"Arial\">Ednaldo Clementino, o <b>Gauso<\/b>, \u00e9 o atual presidente da C\u00e2mara Municipal. Foi reeleito com 747 votos. <\/font><font face=\"Arial\"><font size=\"3\"><b>Jocelino<\/b> \u00e9 um dos nomes fortes da oposi\u00e7\u00e3o. \u00c9 casado com a vereadora Cl\u00e1udia, que era candidata a vice na chapa de Benedito, mas que depois deu lugar ao cunhado Gilson, irm\u00e3o de Jocelino, na disputa desse ano. O vereador se elegeu com 722 votos.<\/font><\/font> <\/p>\n<p align=\"justify\"><font face=\"Arial\"><font size=\"3\"><b>Everaldo Ribeiro<\/b> \u00e9 o <i>dono<\/i> da r\u00e1dio comunit\u00e1ria de Caet\u00e9s, que o ajuda e muito na divulga\u00e7\u00e3o do seu nome e na oposi\u00e7\u00e3o a atual gest\u00e3o. Everaldo teve 438 votos e se reelegeu gra\u00e7as ao voto de legenda, pois tr\u00eas candidatos tiveram mais votos do que ele e mesmo assim n\u00e3o foram eleitos. <\/font><\/font><font face=\"Arial\"><font size=\"3\"><b>Sebasti\u00e3o Ded\u00e9<\/b> foi outro oposicionista ajudado pela &#8220;m\u00e3e&#8221; legenda. O vereador obteve 384 votos e se elegeu, enquanto Nego de Paizinho teve 431, Naldo de Z\u00e9 Preto 461, Gilvan de Jota 471 e Edson de Ol\u00edmpio, que teve 638 votos e mesmo assim n\u00e3o chegaram.<\/font><\/font> <\/p>\n<p align=\"justify\"><font face=\"Arial\"><font size=\"3\">Se n\u00e3o existisse a (para muitos) famigerada legenda, fosse eleito quem tivesse mais voto, o lado da situa\u00e7\u00e3o liderado pelo prefeito Armando, teria eleito dez vereadores e a oposi\u00e7\u00e3o apenas um. <b>Foto: Prefeito reeleito Armando Duarte, Irm\u00e3o Naldinho, vice Severino Gordo e Lucivarter Bernardo, o Galego. Fonte: Blog do Roberto Almeida<\/b><\/font><\/font><\/p>\n<div style=\"margin-top: 0px; margin-bottom: 0px;\" class=\"sharethis-inline-share-buttons\" ><\/div>","protected":false},"excerpt":{"rendered":"<p>Em 2012 Jos\u00e9 Inaldo da Silva, o Irm\u00e3o Naldinho, foi escolhido pelos fi\u00e9is de sua igreja, a Assembl\u00e9ia de Deus, para ser seu representante, em substitui\u00e7\u00e3o a outro irm\u00e3o da igreja que tinha mudado de lado depois de se eleger pela oposi\u00e7\u00e3o quatro anos antes. Naldinho aceitou a miss\u00e3o e se candidatou no grupo de [&hellip;]<\/p>\n","protected":false},"author":1,"featured_media":0,"comment_status":"open","ping_status":"open","sticky":false,"template":"","format":"standard","meta":{"footnotes":""},"categories":[2],"tags":[],"class_list":["post-2918","post","type-post","status-publish","format-standard","hentry","category-noticias-do-dia"],"_links":{"self":[{"href":"https:\/\/www.saloanoticias.com\/v1\/wp-json\/wp\/v2\/posts\/2918","targetHints":{"allow":["GET"]}}],"collection":[{"href":"https:\/\/www.saloanoticias.com\/v1\/wp-json\/wp\/v2\/posts"}],"about":[{"href":"https:\/\/www.saloanoticias.com\/v1\/wp-json\/wp\/v2\/types\/post"}],"author":[{"embeddable":true,"href":"https:\/\/www.saloanoticias.com\/v1\/wp-json\/wp\/v2\/users\/1"}],"replies":[{"embeddable":true,"href":"https:\/\/www.saloanoticias.com\/v1\/wp-json\/wp\/v2\/comments?post=2918"}],"version-history":[{"count":0,"href":"https:\/\/www.saloanoticias.com\/v1\/wp-json\/wp\/v2\/posts\/2918\/revisions"}],"wp:attachment":[{"href":"https:\/\/www.saloanoticias.com\/v1\/wp-json\/wp\/v2\/media?parent=2918"}],"wp:term":[{"taxonomy":"category","embeddable":true,"href":"https:\/\/www.saloanoticias.com\/v1\/wp-json\/wp\/v2\/categories?post=2918"},{"taxonomy":"post_tag","embeddable":true,"href":"https:\/\/www.saloanoticias.com\/v1\/wp-json\/wp\/v2\/tags?post=2918"}],"curies":[{"name":"wp","href":"https:\/\/api.w.org\/{rel}","templated":true}]}}