{"id":2917,"date":"2016-10-04T19:00:00","date_gmt":"2016-10-04T19:00:00","guid":{"rendered":"https:\/\/saloanoticias.mrmediaweb.com\/v1\/2016\/10\/04\/vereador-ronaldinho-agradece-a-populacao-pela-sua-reeleicao\/"},"modified":"2016-10-04T19:00:00","modified_gmt":"2016-10-04T19:00:00","slug":"vereador-ronaldinho-agradece-a-populacao-pela-sua-reeleicao","status":"publish","type":"post","link":"https:\/\/www.saloanoticias.com\/v1\/vereador-ronaldinho-agradece-a-populacao-pela-sua-reeleicao\/","title":{"rendered":"VEREADOR RONALDINHO (PSB) AGRADECE A POPULA\u00c7\u00c3O PELA SUA REELEI\u00c7\u00c3O"},"content":{"rendered":"<p align=\"justify\"><font size=\"3\" face=\"Arial\"><a href=\"http:\/\/www.saloanoticias.com\/images\/13433198_10201629930106752_3205501769822418203_o_7f7bb1a3a9432a0aecb5862d270cc645.jpg\"><img loading=\"lazy\" decoding=\"async\" title=\"13433198_10201629930106752_3205501769822418203_o\" style=\"border-top: 0px; border-right: 0px; background-image: none; border-bottom: 0px; float: none; padding-top: 0px; padding-left: 0px; margin: 0px auto 10px; border-left: 0px; display: block; padding-right: 0px\" border=\"0\" alt=\"13433198_10201629930106752_3205501769822418203_o\" src=\"http:\/\/www.saloanoticias.com\/v1\/wp-content\/uploads\/imagens\/13433198_10201629930106752_3205501769822418203_o_thumb_2397060e52e7559b9aaa8211837cfba4.jpg\" width=\"1259\" height=\"850\"><\/a>Quero neste momento agradecer primeiramente a Deus por mais uma vit\u00f3ria conquistada nas urnas no \u00faltimo domingo, dia 2 de outubro de 2016. Para mim, essa foi uma vit\u00f3ria da supera\u00e7\u00e3o e perseveran\u00e7a, que apesar de todas as persegui\u00e7\u00f5es e lutas, tive \u00eaxito no desafio que me foi proposto, a minha volta \u00e0 <\/font><a href=\"https:\/\/www.facebook.com\/profile.php?id=100011392033137\"><font size=\"3\" face=\"Arial\">C\u00e2mara Municipal de Salo\u00e1<\/font><\/a><font size=\"3\" face=\"Arial\">. Fui escolhido como alvo por muitos, sendo caluniado, difamado, injuriado, amea\u00e7ado publicamente e humilhado, mas nada prevaleceu contra mim, pois, Deus sempre esteve ao meu lado me protegendo, e me agarrei no Salmo 91.7, nas horas de afli\u00e7\u00e3o.<\/font><\/p>\n<p align=\"justify\"><font size=\"3\" face=\"Arial\">Agrade\u00e7o a todos os que estavam ao meu lado, segurando em minhas m\u00e3os nos momentos bons e dif\u00edceis, que s\u00e3o eles: Minhas esposa <\/font><a href=\"https:\/\/www.facebook.com\/polymelo\"><font size=\"3\" face=\"Arial\">Poliana Melo<\/font><\/a><font size=\"3\" face=\"Arial\">, minha irm\u00e3, <\/font><a href=\"https:\/\/www.facebook.com\/mariasoraia.alvescavalcantecadengue\"><font size=\"3\" face=\"Arial\">Maria Soraia Alves Cavalcante Cadengue<\/font><\/a><font size=\"3\" face=\"Arial\">, sobrinhos, <\/font><a href=\"https:\/\/www.facebook.com\/dorginho.cadengue\"><font size=\"3\" face=\"Arial\">Dorginho Cadengue<\/font><\/a><font size=\"3\" face=\"Arial\"> e <\/font><a href=\"https:\/\/www.facebook.com\/paulinho.cadengue\"><font size=\"3\" face=\"Arial\">Paulinho Cadengue<\/font><\/a><font size=\"3\" face=\"Arial\">, meus tios, <\/font><a href=\"https:\/\/www.facebook.com\/rubens.florentino.1\"><font size=\"3\" face=\"Arial\">Rubens Florentino<\/font><\/a><font size=\"3\" face=\"Arial\">, Ronaldo Barata, Jarbas, Carlinhos, Marlize, Marluce, Deocleciano e os cabos eleitorais, <\/font><a href=\"https:\/\/www.facebook.com\/profile.php?id=100010507779722\"><font size=\"3\" face=\"Arial\">Quit Alves<\/font><\/a><font size=\"3\" face=\"Arial\">(Quit\u00e9ria da Serrinha), Maciel da Serrinha, Tiago de Carmelita, Gago da Pindoba, fam\u00edlia Queiroz da Pindoba, Roque do Calder\u00f5es, <\/font><a href=\"https:\/\/www.facebook.com\/jose.cordeiro.56829\"><font size=\"3\" face=\"Arial\">Jos\u00e9 Cordeiro<\/font><\/a><font size=\"3\" face=\"Arial\">, Pelado e V\u00e9io de Duda do Riach\u00e3o, Neg\u00e3o da Lagoa Nova.<\/font><\/p>\n<p align=\"justify\"><font size=\"3\" face=\"Arial\">N\u00e3o posso esquecer do meu grande amigo, <\/font><a href=\"https:\/\/www.facebook.com\/pedro.souto.37\"><font size=\"3\" face=\"Arial\">Pedro Souto<\/font><\/a><font size=\"3\" face=\"Arial\">, <\/font><a href=\"https:\/\/www.facebook.com\/anapaula.souto.5\"><font size=\"3\" face=\"Arial\">Ana Paula Souto<\/font><\/a><font size=\"3\" face=\"Arial\"> e <\/font><a href=\"https:\/\/www.facebook.com\/beatriz.souto.359\"><font size=\"3\" face=\"Arial\">Beatriz Souto<\/font><\/a><font size=\"3\" face=\"Arial\">, Bui\u00fa do Gigante (<\/font><a href=\"https:\/\/www.facebook.com\/gilbertosilva.silva.549\"><font size=\"3\" face=\"Arial\">Gilberto Silva Silva<\/font><\/a><font size=\"3\" face=\"Arial\">), Andr\u00e9 e <\/font><a href=\"https:\/\/www.facebook.com\/veronica.almeidadasilva.1\"><font size=\"3\" face=\"Arial\">Veronica Almeida da Silva<\/font><\/a><font size=\"3\" face=\"Arial\"> no Gigante,<\/font><a href=\"https:\/\/www.facebook.com\/solange.desouza.334\"><font size=\"3\" face=\"Arial\">Solange de Souza<\/font><\/a><font size=\"3\" face=\"Arial\"> do Pau Santo, <\/font><a href=\"https:\/\/www.facebook.com\/profile.php?id=100009171589207\"><font size=\"3\" face=\"Arial\">Nildo Dos Teclados<\/font><\/a><font size=\"3\" face=\"Arial\">, C\u00f4ca, Tonho e Marinalva e seu esposo Z\u00e9 da V\u00e1rzea da Serra, Lulinha do Manoel Ferreira, Silvaneide e Zoinho da Baixa da Telha, Milene da Camaratuba do Catimbau, <\/font><a href=\"https:\/\/www.facebook.com\/bruno.alison.7902\"><font size=\"3\" face=\"Arial\">Bruno Alison<\/font><\/a><font size=\"3\" face=\"Arial\">, Angela, <\/font><a href=\"https:\/\/www.facebook.com\/profile.php?id=100010648863098\"><font size=\"3\" face=\"Arial\">Juc\u00e9lio Santos<\/font><\/a><font size=\"3\" face=\"Arial\"> e Welit\u00e2nea, Henrique do S\u00e3o Serafim, aos pastores <\/font><a href=\"https:\/\/www.facebook.com\/severina.ademir\"><font size=\"3\" face=\"Arial\">Severina Ademir<\/font><\/a><font size=\"3\" face=\"Arial\">, Marcos Ger\u00f4nimo, <\/font><a href=\"https:\/\/www.facebook.com\/izabel.alves.79\"><font size=\"3\" face=\"Arial\">Izabel Alves<\/font><\/a><font size=\"3\" face=\"Arial\">, <\/font><a href=\"https:\/\/www.facebook.com\/robson.moises.7\"><font size=\"3\" face=\"Arial\">Rosa Robson Flor<\/font><\/a><font size=\"3\" face=\"Arial\">, mission\u00e1ria Rosa, <\/font><a href=\"https:\/\/www.facebook.com\/tercioantonio.wanderley\"><font size=\"3\" face=\"Arial\">Presbitero Tercio Antonio Wanderley<\/font><\/a><font size=\"3\" face=\"Arial\">, al\u00e9m de todos os meus 426 eleitores que votaram e me deram uma das maiores vit\u00f3rias da minha vida. Que Deus possa aben\u00e7oar cada um de voc\u00eas, e podem contar com o vereador <\/font><a href=\"https:\/\/www.facebook.com\/ronaldo.birunda\"><font size=\"3\" face=\"Arial\">Ronaldo Birunda<\/font><\/a><font size=\"3\" face=\"Arial\">, sempre !<\/font><\/p>\n<p align=\"center\"><font size=\"4\" face=\"Arial\">Osvaldo Ronaldo Alves Cavalcante<\/font><\/p>\n<p align=\"center\"><font size=\"4\" face=\"Arial\">Vereador reeleito do Munic\u00edpio de Salo\u00e1\/PE<\/font><\/p>\n<div style=\"margin-top: 0px; margin-bottom: 0px;\" class=\"sharethis-inline-share-buttons\" ><\/div>","protected":false},"excerpt":{"rendered":"<p>Quero neste momento agradecer primeiramente a Deus por mais uma vit\u00f3ria conquistada nas urnas no \u00faltimo domingo, dia 2 de outubro de 2016. Para mim, essa foi uma vit\u00f3ria da supera\u00e7\u00e3o e perseveran\u00e7a, que apesar de todas as persegui\u00e7\u00f5es e lutas, tive \u00eaxito no desafio que me foi proposto, a minha volta \u00e0 C\u00e2mara Municipal [&hellip;]<\/p>\n","protected":false},"author":1,"featured_media":0,"comment_status":"open","ping_status":"open","sticky":false,"template":"","format":"standard","meta":{"footnotes":""},"categories":[2],"tags":[],"class_list":["post-2917","post","type-post","status-publish","format-standard","hentry","category-noticias-do-dia"],"_links":{"self":[{"href":"https:\/\/www.saloanoticias.com\/v1\/wp-json\/wp\/v2\/posts\/2917","targetHints":{"allow":["GET"]}}],"collection":[{"href":"https:\/\/www.saloanoticias.com\/v1\/wp-json\/wp\/v2\/posts"}],"about":[{"href":"https:\/\/www.saloanoticias.com\/v1\/wp-json\/wp\/v2\/types\/post"}],"author":[{"embeddable":true,"href":"https:\/\/www.saloanoticias.com\/v1\/wp-json\/wp\/v2\/users\/1"}],"replies":[{"embeddable":true,"href":"https:\/\/www.saloanoticias.com\/v1\/wp-json\/wp\/v2\/comments?post=2917"}],"version-history":[{"count":0,"href":"https:\/\/www.saloanoticias.com\/v1\/wp-json\/wp\/v2\/posts\/2917\/revisions"}],"wp:attachment":[{"href":"https:\/\/www.saloanoticias.com\/v1\/wp-json\/wp\/v2\/media?parent=2917"}],"wp:term":[{"taxonomy":"category","embeddable":true,"href":"https:\/\/www.saloanoticias.com\/v1\/wp-json\/wp\/v2\/categories?post=2917"},{"taxonomy":"post_tag","embeddable":true,"href":"https:\/\/www.saloanoticias.com\/v1\/wp-json\/wp\/v2\/tags?post=2917"}],"curies":[{"name":"wp","href":"https:\/\/api.w.org\/{rel}","templated":true}]}}