{"id":2916,"date":"2016-10-04T11:00:00","date_gmt":"2016-10-04T11:00:00","guid":{"rendered":"https:\/\/saloanoticias.mrmediaweb.com\/v1\/2016\/10\/04\/camara-de-vereadores-de-saloa-tem-grande-renovacao-em-2017\/"},"modified":"2016-10-04T11:00:00","modified_gmt":"2016-10-04T11:00:00","slug":"camara-de-vereadores-de-saloa-tem-grande-renovacao-em-2017","status":"publish","type":"post","link":"https:\/\/www.saloanoticias.com\/v1\/camara-de-vereadores-de-saloa-tem-grande-renovacao-em-2017\/","title":{"rendered":"\u201cC\u00c2MARA DE VEREADORES DE SALO\u00c1\u201d TER\u00c1 GRANDE RENOVA\u00c7\u00c3O EM 2017"},"content":{"rendered":"<p align=\"justify\"><font size=\"3\" face=\"Arial\"><a href=\"http:\/\/www.saloanoticias.com\/images\/14055040_624943301001136_3204402808181818396_n_cb7fb44e99ee6cbf7924444eb5f680c9.jpg\"><img loading=\"lazy\" decoding=\"async\" title=\"14055040_624943301001136_3204402808181818396_n\" style=\"border-top: 0px; border-right: 0px; background-image: none; border-bottom: 0px; float: none; padding-top: 0px; padding-left: 0px; margin: 0px auto 10px; border-left: 0px; display: block; padding-right: 0px\" border=\"0\" alt=\"14055040_624943301001136_3204402808181818396_n\" src=\"http:\/\/www.saloanoticias.com\/v1\/wp-content\/uploads\/imagens\/14055040_624943301001136_3204402808181818396_n_thumb_cf311370fecb71481349e2a5d35d1d8d.jpg\" width=\"1436\" height=\"808\"><\/a>A popula\u00e7\u00e3o do munic\u00edpio de Salo\u00e1 deixou um grande recado nas urnas nestas elei\u00e7\u00f5es para prefeito e vereadores. Somente na C\u00e2mara de Vereadores a renova\u00e7\u00e3o foi muito expressiva, deixando fora nomes que h\u00e1 d\u00e9cadas estavam no cen\u00e1rio pol\u00edtico. Das onze cadeiras que ser\u00e3o ocupadas, sete s\u00e3o novas, e apenas quatro continuaram o mandato conquistado em 2012. Muitas coisas contribu\u00edram para isso, e, podemos citar o atual momento pol\u00edtico que atravessa o pa\u00eds que se estende aos munic\u00edpios.<\/font><\/p>\n<p align=\"justify\"><font size=\"3\" face=\"Arial\">Ficaram de fora da pr\u00f3xima legislatura os atuais vereadores: Barba, que \u00e9 presidente, Ferreirinha (PSB), Ana de Manezinho (PSD), Wellington Freitas (PP), que disputou na chapa da oposi\u00e7\u00e3o como vice e Izenilda Brand\u00e3o (PSDB). Conseguiram permanecer apenas quatro dos antigos, a saber: Ronaldinho Birunda (PSB), Tisley Vicente (PRB), Ivan do Cuema (PSDB) e Vilma da Prata (PTB). J\u00e1 os novatos fizeram a festa e elegeram sete nomes que s\u00e3o: J\u00fanior de Rivaldo (PMDB), Eduardo de Ant\u00f4nio Dentista (PMDB), Reinaldo Martins (PMDB), Beto do Catimbau (PMDB), Jamel\u00e3o (PMDB), Valdir Lopes e Z\u00e9 Cabeleireiro (PP).<\/font><\/p>\n<p align=\"justify\"><font size=\"3\" face=\"Arial\">Como se ver, as mudan\u00e7as no parlamento local ficou acime de 60%, deixando claro o sentimento da popula\u00e7\u00e3o, sem falar no fato do grande n\u00famero de absten\u00e7\u00f5es nas urnas que ficou em torno de 27% somente em Salo\u00e1. Isso significa que mais de 3.600 pessoas deixaram de votar. Confira abaixo a lista dos eleitos:<\/font><\/p>\n<p align=\"center\"><font size=\"4\" face=\"Arial\"><strong>REINALDO MARTINS &#8211; PMDB &#8211; 575 VOTOS<\/strong><\/font><\/p>\n<p align=\"center\"><font size=\"4\" face=\"Arial\"><strong>EDUARDO DE ANT\u00d4NIO DENSTISTA &#8211; PMDB \u2013 574 VOTOS<\/strong><\/font><\/p>\n<p align=\"center\"><font size=\"4\" face=\"Arial\"><strong>VALDIR LOPES &#8211; PRTB &#8211; 529 VOTOS<\/strong><\/font><\/p>\n<p align=\"center\"><font size=\"4\" face=\"Arial\"><strong>J\u00daNIOR DE RIVALDO &#8211; PMDB &#8211;&nbsp; 507 VOTOS<\/strong><\/font><\/p>\n<p align=\"center\"><font size=\"4\" face=\"Arial\"><strong>TISLEY \u2013 PRB &#8211; 483 VOTOS<\/strong><\/font><\/p>\n<p align=\"center\"><font size=\"4\" face=\"Arial\"><strong>RONALDINHO &#8211; PSB &#8211; 426 VOTOS<\/strong><\/font><\/p>\n<p align=\"center\"><font size=\"4\" face=\"Arial\"><strong>IVAN DO CUEMA &#8211; PSDB &#8211; 411 VOTOS<\/strong><\/font><\/p>\n<p align=\"center\"><font size=\"4\" face=\"Arial\"><strong>JAMEL\u00c3O &#8211; PMDB &#8211; 389 VOTOS<\/strong><\/font><\/p>\n<p align=\"center\"><font size=\"4\" face=\"Arial\"><strong>BETO DA SA\u00daDE &#8211;&nbsp; PMDB &#8211; 367 VOTOS<\/strong><\/font><\/p>\n<p align=\"center\"><font size=\"4\" face=\"Arial\"><strong>Z\u00c9 CABELEIRIRO &#8211; PP &#8211; 323 VOTOS<\/strong><\/font><\/p>\n<p align=\"center\"><font size=\"4\" face=\"Arial\"><strong>VILMA DA PRATA &#8211; PTB &#8211; 312 VOTOS<\/strong><\/font><\/p>\n<div style=\"margin-top: 0px; margin-bottom: 0px;\" class=\"sharethis-inline-share-buttons\" ><\/div>","protected":false},"excerpt":{"rendered":"<p>A popula\u00e7\u00e3o do munic\u00edpio de Salo\u00e1 deixou um grande recado nas urnas nestas elei\u00e7\u00f5es para prefeito e vereadores. Somente na C\u00e2mara de Vereadores a renova\u00e7\u00e3o foi muito expressiva, deixando fora nomes que h\u00e1 d\u00e9cadas estavam no cen\u00e1rio pol\u00edtico. Das onze cadeiras que ser\u00e3o ocupadas, sete s\u00e3o novas, e apenas quatro continuaram o mandato conquistado em [&hellip;]<\/p>\n","protected":false},"author":1,"featured_media":0,"comment_status":"open","ping_status":"open","sticky":false,"template":"","format":"standard","meta":{"footnotes":""},"categories":[2],"tags":[],"class_list":["post-2916","post","type-post","status-publish","format-standard","hentry","category-noticias-do-dia"],"_links":{"self":[{"href":"https:\/\/www.saloanoticias.com\/v1\/wp-json\/wp\/v2\/posts\/2916","targetHints":{"allow":["GET"]}}],"collection":[{"href":"https:\/\/www.saloanoticias.com\/v1\/wp-json\/wp\/v2\/posts"}],"about":[{"href":"https:\/\/www.saloanoticias.com\/v1\/wp-json\/wp\/v2\/types\/post"}],"author":[{"embeddable":true,"href":"https:\/\/www.saloanoticias.com\/v1\/wp-json\/wp\/v2\/users\/1"}],"replies":[{"embeddable":true,"href":"https:\/\/www.saloanoticias.com\/v1\/wp-json\/wp\/v2\/comments?post=2916"}],"version-history":[{"count":0,"href":"https:\/\/www.saloanoticias.com\/v1\/wp-json\/wp\/v2\/posts\/2916\/revisions"}],"wp:attachment":[{"href":"https:\/\/www.saloanoticias.com\/v1\/wp-json\/wp\/v2\/media?parent=2916"}],"wp:term":[{"taxonomy":"category","embeddable":true,"href":"https:\/\/www.saloanoticias.com\/v1\/wp-json\/wp\/v2\/categories?post=2916"},{"taxonomy":"post_tag","embeddable":true,"href":"https:\/\/www.saloanoticias.com\/v1\/wp-json\/wp\/v2\/tags?post=2916"}],"curies":[{"name":"wp","href":"https:\/\/api.w.org\/{rel}","templated":true}]}}