{"id":29153,"date":"2025-08-02T17:33:08","date_gmt":"2025-08-02T20:33:08","guid":{"rendered":"https:\/\/www.saloanoticias.com\/v1\/?p=29153"},"modified":"2025-08-02T17:37:30","modified_gmt":"2025-08-02T20:37:30","slug":"saloa-recebe-a-19a-edicao-da-trilha-da-cachoeira-com-aventura-fe-e-musica","status":"publish","type":"post","link":"https:\/\/www.saloanoticias.com\/v1\/saloa-recebe-a-19a-edicao-da-trilha-da-cachoeira-com-aventura-fe-e-musica\/","title":{"rendered":"Salo\u00e1 recebe a 19\u00aa Edi\u00e7\u00e3o da Trilha da Cachoeira com Aventura, F\u00e9 e M\u00fasica"},"content":{"rendered":"\n<p>A adrenalina e o esp\u00edrito aventureiro tomam conta de Salo\u00e1 neste domingo, 3 de agosto, com a realiza\u00e7\u00e3o da 19\u00aa edi\u00e7\u00e3o da Trilha da Cachoeira. O evento, que j\u00e1 se consolidou no calend\u00e1rio da cidade, promete reunir apaixonados por motocicletas e trilhas em um dia de muita emo\u00e7\u00e3o e confraterniza\u00e7\u00e3o.<\/p>\n\n\n\n<p>A programa\u00e7\u00e3o come\u00e7a logo pela manh\u00e3, \u00e0s 9h, com um farto caf\u00e9 da manh\u00e3 no Centro de Conviv\u00eancia de Idosos (CCI), preparando os participantes para a jornada. Em seguida, um dos momentos mais esperados do evento acontece em frente \u00e0 Igreja Matriz, \u00e0s 10h30, com a tradicional b\u00ean\u00e7\u00e3o das motos, um ato de f\u00e9 para garantir a seguran\u00e7a dos trilheiros.<\/p>\n\n\n<div class=\"wp-block-image\">\n<figure class=\"aligncenter size-large is-resized\"><img loading=\"lazy\" decoding=\"async\" width=\"576\" height=\"1024\" src=\"https:\/\/www.saloanoticias.com\/v1\/wp-content\/uploads\/2025\/08\/11be1b43-9156-41d8-9652-2a398b2a1140-576x1024.jpeg\" alt=\"\" class=\"wp-image-29159\" style=\"width:840px;height:auto\" srcset=\"https:\/\/www.saloanoticias.com\/v1\/wp-content\/uploads\/2025\/08\/11be1b43-9156-41d8-9652-2a398b2a1140-576x1024.jpeg 576w, https:\/\/www.saloanoticias.com\/v1\/wp-content\/uploads\/2025\/08\/11be1b43-9156-41d8-9652-2a398b2a1140-169x300.jpeg 169w, https:\/\/www.saloanoticias.com\/v1\/wp-content\/uploads\/2025\/08\/11be1b43-9156-41d8-9652-2a398b2a1140.jpeg 720w\" sizes=\"auto, (max-width: 576px) 100vw, 576px\" \/><\/figure>\n<\/div>\n\n\n<p>Os interessados em participar podem adquirir o Kit do evento por apenas R$ 70,00, garantindo acesso a todas as atividades e benef\u00edcios oferecidos. Ap\u00f3s a aventura pela trilha, a festa continua. A chegada dos participantes ser\u00e1 celebrada com um encontro de pared\u00f5es na Pra\u00e7a de Eventos Agamenon Magalh\u00e3es, que promete agitar a tarde com muito som automotivo.<\/p>\n\n\n\n<p>Para encerrar o evento em grande estilo, a cantora M\u00f4nica Almeida subir\u00e1 ao palco para um show inesquec\u00edvel, fechando a 19\u00aa Trilha da Cachoeira com chave de ouro. A Trilha da Cachoeira n\u00e3o \u00e9 apenas um evento esportivo, mas uma celebra\u00e7\u00e3o que une aventura, f\u00e9 e m\u00fasica, atraindo a aten\u00e7\u00e3o de toda a regi\u00e3o e fortalecendo o turismo e a economia local.<\/p>\n\n\n\n<figure class=\"wp-block-embed aligncenter is-type-video is-provider-youtube wp-block-embed-youtube wp-embed-aspect-16-9 wp-has-aspect-ratio\"><div class=\"wp-block-embed__wrapper\">\n<iframe loading=\"lazy\" title=\"2 de agosto de 2025\" width=\"740\" height=\"416\" src=\"https:\/\/www.youtube.com\/embed\/Ery3E538Mlo?feature=oembed\" frameborder=\"0\" allow=\"accelerometer; autoplay; clipboard-write; encrypted-media; gyroscope; picture-in-picture; web-share\" referrerpolicy=\"strict-origin-when-cross-origin\" allowfullscreen><\/iframe>\n<\/div><\/figure>\n<div style=\"margin-top: 0px; margin-bottom: 0px;\" class=\"sharethis-inline-share-buttons\" ><\/div>","protected":false},"excerpt":{"rendered":"<p>A adrenalina e o esp\u00edrito aventureiro tomam conta de Salo\u00e1 neste domingo, 3 de agosto, com a realiza\u00e7\u00e3o da 19\u00aa edi\u00e7\u00e3o da Trilha da Cachoeira. O evento, que j\u00e1 se consolidou no calend\u00e1rio da cidade, promete reunir apaixonados por motocicletas e trilhas em um dia de muita emo\u00e7\u00e3o e confraterniza\u00e7\u00e3o. A programa\u00e7\u00e3o come\u00e7a logo pela [&hellip;]<\/p>\n","protected":false},"author":1,"featured_media":29158,"comment_status":"closed","ping_status":"closed","sticky":false,"template":"","format":"standard","meta":{"footnotes":""},"categories":[27],"tags":[22],"class_list":["post-29153","post","type-post","status-publish","format-standard","has-post-thumbnail","hentry","category-esportes","tag-destaques"],"_links":{"self":[{"href":"https:\/\/www.saloanoticias.com\/v1\/wp-json\/wp\/v2\/posts\/29153","targetHints":{"allow":["GET"]}}],"collection":[{"href":"https:\/\/www.saloanoticias.com\/v1\/wp-json\/wp\/v2\/posts"}],"about":[{"href":"https:\/\/www.saloanoticias.com\/v1\/wp-json\/wp\/v2\/types\/post"}],"author":[{"embeddable":true,"href":"https:\/\/www.saloanoticias.com\/v1\/wp-json\/wp\/v2\/users\/1"}],"replies":[{"embeddable":true,"href":"https:\/\/www.saloanoticias.com\/v1\/wp-json\/wp\/v2\/comments?post=29153"}],"version-history":[{"count":2,"href":"https:\/\/www.saloanoticias.com\/v1\/wp-json\/wp\/v2\/posts\/29153\/revisions"}],"predecessor-version":[{"id":29162,"href":"https:\/\/www.saloanoticias.com\/v1\/wp-json\/wp\/v2\/posts\/29153\/revisions\/29162"}],"wp:featuredmedia":[{"embeddable":true,"href":"https:\/\/www.saloanoticias.com\/v1\/wp-json\/wp\/v2\/media\/29158"}],"wp:attachment":[{"href":"https:\/\/www.saloanoticias.com\/v1\/wp-json\/wp\/v2\/media?parent=29153"}],"wp:term":[{"taxonomy":"category","embeddable":true,"href":"https:\/\/www.saloanoticias.com\/v1\/wp-json\/wp\/v2\/categories?post=29153"},{"taxonomy":"post_tag","embeddable":true,"href":"https:\/\/www.saloanoticias.com\/v1\/wp-json\/wp\/v2\/tags?post=29153"}],"curies":[{"name":"wp","href":"https:\/\/api.w.org\/{rel}","templated":true}]}}