{"id":29145,"date":"2025-08-01T22:12:55","date_gmt":"2025-08-02T01:12:55","guid":{"rendered":"https:\/\/www.saloanoticias.com\/v1\/?p=29145"},"modified":"2025-08-02T15:01:34","modified_gmt":"2025-08-02T18:01:34","slug":"nota-de-falecimento-saloa-se-despede-de-bi-clemente","status":"publish","type":"post","link":"https:\/\/www.saloanoticias.com\/v1\/nota-de-falecimento-saloa-se-despede-de-bi-clemente\/","title":{"rendered":"Salo\u00e1 se despede de Bi Clemente, ex-vice-prefeito"},"content":{"rendered":"\n<p>A cidade de Salo\u00e1 est\u00e1 de luto com a not\u00edcia do falecimento de Arlindo Clemente da Rocha, mais conhecido como Bi Clemente, uma figura hist\u00f3rica na pol\u00edtica local. Al\u00e9m de sua atua\u00e7\u00e3o como vereador, Bi Clemente tamb\u00e9m exerceu o cargo de vice-prefeito de Salo\u00e1, deixando uma marca importante na vida p\u00fablica do munic\u00edpio.<\/p>\n\n\n\n<p>Sua partida deixa uma lacuna na comunidade, e seu legado de dedica\u00e7\u00e3o \u00e0 cidade \u00e9 lembrado por todos. Ele deixa os filhos Ivan, Iran, Ivente, Ivonete, Iranete e Ivania, que, junto a familiares e amigos, prestam as \u00faltimas homenagens. O cortejo f\u00fanebre sair\u00e1 da resid\u00eancia da fam\u00edlia, no S\u00edtio Lagoa do Junco, \u00e0s margens da BR-423, neste s\u00e1bado, 2 de agosto, \u00e0s 17 horas.<\/p>\n\n\n\n<p>O sepultamento ser\u00e1 no Cemit\u00e9rio S\u00e3o Luiz Gonzaga, em Paranatama.<br>Neste momento de dor, a comunidade de Salo\u00e1 e Paranatama expressa suas mais sinceras condol\u00eancias \u00e0 fam\u00edlia e aos amigos de Bi Clemente.<\/p>\n<div style=\"margin-top: 0px; margin-bottom: 0px;\" class=\"sharethis-inline-share-buttons\" ><\/div>","protected":false},"excerpt":{"rendered":"<p>A cidade de Salo\u00e1 est\u00e1 de luto com a not\u00edcia do falecimento de Arlindo Clemente da Rocha, mais conhecido como Bi Clemente, uma figura hist\u00f3rica na pol\u00edtica local. Al\u00e9m de sua atua\u00e7\u00e3o como vereador, Bi Clemente tamb\u00e9m exerceu o cargo de vice-prefeito de Salo\u00e1, deixando uma marca importante na vida p\u00fablica do munic\u00edpio. Sua partida [&hellip;]<\/p>\n","protected":false},"author":1,"featured_media":29146,"comment_status":"closed","ping_status":"closed","sticky":false,"template":"","format":"standard","meta":{"footnotes":""},"categories":[21],"tags":[22],"class_list":["post-29145","post","type-post","status-publish","format-standard","has-post-thumbnail","hentry","category-cidade","tag-destaques"],"_links":{"self":[{"href":"https:\/\/www.saloanoticias.com\/v1\/wp-json\/wp\/v2\/posts\/29145","targetHints":{"allow":["GET"]}}],"collection":[{"href":"https:\/\/www.saloanoticias.com\/v1\/wp-json\/wp\/v2\/posts"}],"about":[{"href":"https:\/\/www.saloanoticias.com\/v1\/wp-json\/wp\/v2\/types\/post"}],"author":[{"embeddable":true,"href":"https:\/\/www.saloanoticias.com\/v1\/wp-json\/wp\/v2\/users\/1"}],"replies":[{"embeddable":true,"href":"https:\/\/www.saloanoticias.com\/v1\/wp-json\/wp\/v2\/comments?post=29145"}],"version-history":[{"count":4,"href":"https:\/\/www.saloanoticias.com\/v1\/wp-json\/wp\/v2\/posts\/29145\/revisions"}],"predecessor-version":[{"id":29157,"href":"https:\/\/www.saloanoticias.com\/v1\/wp-json\/wp\/v2\/posts\/29145\/revisions\/29157"}],"wp:featuredmedia":[{"embeddable":true,"href":"https:\/\/www.saloanoticias.com\/v1\/wp-json\/wp\/v2\/media\/29146"}],"wp:attachment":[{"href":"https:\/\/www.saloanoticias.com\/v1\/wp-json\/wp\/v2\/media?parent=29145"}],"wp:term":[{"taxonomy":"category","embeddable":true,"href":"https:\/\/www.saloanoticias.com\/v1\/wp-json\/wp\/v2\/categories?post=29145"},{"taxonomy":"post_tag","embeddable":true,"href":"https:\/\/www.saloanoticias.com\/v1\/wp-json\/wp\/v2\/tags?post=29145"}],"curies":[{"name":"wp","href":"https:\/\/api.w.org\/{rel}","templated":true}]}}