{"id":2914,"date":"2016-10-03T01:00:00","date_gmt":"2016-10-03T01:00:00","guid":{"rendered":"https:\/\/saloanoticias.mrmediaweb.com\/v1\/2016\/10\/03\/com-uma-vitoria-esmagadora-ricardo-alves-e-reeleito-prefeito-de-saloa\/"},"modified":"2016-10-03T01:00:00","modified_gmt":"2016-10-03T01:00:00","slug":"com-uma-vitoria-esmagadora-ricardo-alves-e-reeleito-prefeito-de-saloa","status":"publish","type":"post","link":"https:\/\/www.saloanoticias.com\/v1\/com-uma-vitoria-esmagadora-ricardo-alves-e-reeleito-prefeito-de-saloa\/","title":{"rendered":"\u201cCOM UMA VIT\u00d3RIA ESMAGADORA RICARDO ALVES \u00c9 REELEITO PREFEITO DE SALO\u00c1\u201d"},"content":{"rendered":"<p align=\"justify\"><font size=\"3\" face=\"Arial\"><a href=\"http:\/\/www.saloanoticias.com\/images\/dsc_7422.jpg\"><img loading=\"lazy\" decoding=\"async\" title=\"DSC_7422\" style=\"border-left-width: 0px; border-right-width: 0px; background-image: none; border-bottom-width: 0px; float: none; padding-top: 0px; padding-left: 0px; margin: 0px auto 10px; display: block; padding-right: 0px; border-top-width: 0px\" border=\"0\" alt=\"DSC_7422\" src=\"http:\/\/www.saloanoticias.com\/v1\/wp-content\/uploads\/imagens\/dsc_7422_thumb.jpg\" width=\"1430\" height=\"817\"><\/a>Com uma vit\u00f3ria esmagadora, Ricardo Alves (PMDB) foi reeleito prefeito de Salo\u00e1. Nas elei\u00e7\u00f5es do 02 de Outubro de 2016 o peemedebista obteve 5.652 votos. Girlan Pereira obteve 3.370 votos e Luiz de Ab\u00edlio ficou com 92 votos. A coliga\u00e7\u00e3o Caf\u00e9 com Leite, tamb\u00e9m elegeu a maioria dos vereadores. <\/font><font size=\"3\" face=\"Arial\">Ricardo elegeu um total de oito (08) vereadores; Reinaldo Martins, Dudu de Ant\u00f4nio Dentista, Junior de Rivaldo, Tisley, Ronaldinho, Van do Co\u00eama, Jamel\u00e3o e Beto da Sa\u00fade.<\/font>  <\/p>\n<p align=\"justify\"><font size=\"3\" face=\"Arial\">O grupo de Girlan Pereira, acabou elegendo dois (02) vereadores, Valdir Lopes e Vilma da Prata e o grupo de Wellington Freitas, elegeu o vereador Z\u00e9 Cabeleireiro. Com isso as 11 cadeiras da c\u00e2mara de Salo\u00e1 est\u00e3o completas. <\/font><font size=\"3\" face=\"Arial\">Ao grupo do prefeito Ricardo e da vice Socorro do Leite ir\u00e3o comemorar e muito essa que \u00e9 maior vit\u00f3ria pol\u00edtica da hist\u00f3ria de Salo\u00e1 e dificilmente ser\u00e1 superada. Ao grupo derrotado, resta juntar os cacos e ver quem encabe\u00e7ar\u00e1 uma disputa em 2020. <strong><font size=\"2\">Fonte: Blog do Welington de Freitas<\/font><\/strong><\/font><\/p>\n<div style=\"margin-top: 0px; margin-bottom: 0px;\" class=\"sharethis-inline-share-buttons\" ><\/div>","protected":false},"excerpt":{"rendered":"<p>Com uma vit\u00f3ria esmagadora, Ricardo Alves (PMDB) foi reeleito prefeito de Salo\u00e1. Nas elei\u00e7\u00f5es do 02 de Outubro de 2016 o peemedebista obteve 5.652 votos. Girlan Pereira obteve 3.370 votos e Luiz de Ab\u00edlio ficou com 92 votos. A coliga\u00e7\u00e3o Caf\u00e9 com Leite, tamb\u00e9m elegeu a maioria dos vereadores. Ricardo elegeu um total de oito [&hellip;]<\/p>\n","protected":false},"author":1,"featured_media":0,"comment_status":"open","ping_status":"open","sticky":false,"template":"","format":"standard","meta":{"footnotes":""},"categories":[2],"tags":[],"class_list":["post-2914","post","type-post","status-publish","format-standard","hentry","category-noticias-do-dia"],"_links":{"self":[{"href":"https:\/\/www.saloanoticias.com\/v1\/wp-json\/wp\/v2\/posts\/2914","targetHints":{"allow":["GET"]}}],"collection":[{"href":"https:\/\/www.saloanoticias.com\/v1\/wp-json\/wp\/v2\/posts"}],"about":[{"href":"https:\/\/www.saloanoticias.com\/v1\/wp-json\/wp\/v2\/types\/post"}],"author":[{"embeddable":true,"href":"https:\/\/www.saloanoticias.com\/v1\/wp-json\/wp\/v2\/users\/1"}],"replies":[{"embeddable":true,"href":"https:\/\/www.saloanoticias.com\/v1\/wp-json\/wp\/v2\/comments?post=2914"}],"version-history":[{"count":0,"href":"https:\/\/www.saloanoticias.com\/v1\/wp-json\/wp\/v2\/posts\/2914\/revisions"}],"wp:attachment":[{"href":"https:\/\/www.saloanoticias.com\/v1\/wp-json\/wp\/v2\/media?parent=2914"}],"wp:term":[{"taxonomy":"category","embeddable":true,"href":"https:\/\/www.saloanoticias.com\/v1\/wp-json\/wp\/v2\/categories?post=2914"},{"taxonomy":"post_tag","embeddable":true,"href":"https:\/\/www.saloanoticias.com\/v1\/wp-json\/wp\/v2\/tags?post=2914"}],"curies":[{"name":"wp","href":"https:\/\/api.w.org\/{rel}","templated":true}]}}