{"id":2913,"date":"2016-10-01T17:00:00","date_gmt":"2016-10-01T17:00:00","guid":{"rendered":"https:\/\/saloanoticias.mrmediaweb.com\/v1\/2016\/10\/01\/as-traicoes-e-baixarias-da-politica\/"},"modified":"2016-10-01T17:00:00","modified_gmt":"2016-10-01T17:00:00","slug":"as-traicoes-e-baixarias-da-politica","status":"publish","type":"post","link":"https:\/\/www.saloanoticias.com\/v1\/as-traicoes-e-baixarias-da-politica\/","title":{"rendered":"AS \u201cTRAI\u00c7\u00d5ES E BAIXARIAS\u201d DA POL\u00cdTICA"},"content":{"rendered":"<p align=\"justify\"><font size=\"3\" face=\"Arial\">Ainda hoje \u00e9 comum se v\u00ea em ano de elei\u00e7\u00f5es as trai\u00e7\u00f5es, brigas, ofensas, e at\u00e9 as baixarias na pol\u00edtica. Tudo isso faz parte de um cen\u00e1rio de como se fazia as velhas pol\u00edticas de antigamente, e que at\u00e9 hoje se repetem os mesmos h\u00e1bitos. <\/font><font size=\"3\" face=\"Arial\">Este ano as campanhas pol\u00edticas avan\u00e7aram num clima de muita tranquilidade por parte dos pol\u00edticos no Agreste Meridional,&nbsp; que fugindo dos pr\u00e1ticas antigas optaram por fazer campanhas limpas, sem&nbsp; atacar seus advers\u00e1rios. Enquanto isso, outros pol\u00edticos preferiram fugir das regras e foram DAS TRAI\u00c7\u00d5ES \u00c0S BAIXARIAS NA POL\u00cdTICA, que infelizmente ainda \u00e9 comum se v\u00ea essa pr\u00e1tica entre eles nos dias de hoje.<\/font> <\/p>\n<p align=\"justify\"><font size=\"3\" face=\"Arial\">Por outro lado os blogueiros da regi\u00e3o n\u00e3o perderam o foco das aten\u00e7\u00f5es e registram na internet, fazendo lembrar dos tempos em que se fazia pol\u00edtica na base do tiroteio de ofensas, difama\u00e7\u00f5es, e muitas baixarias, assim rendeu hist\u00f3rias intrigantes que foram publicadas por escritores de nossa regi\u00e3o em seus livros. <\/font><font size=\"3\" face=\"Arial\">At\u00e9 o soci\u00f3logo pol\u00edtico Fernando Henrique Cardoso publicou um livro com o t\u00edtulo A MIS\u00c9RIA DA POL\u00cdTICA, que deve contar de tudo que acontece nessa \u00e9poca de campanha eleitoral, brigas, ci\u00fames, inveja, \u00f3dio, mentiras e trai\u00e7\u00f5es. Ele conhece bem por ter conhecido e at\u00e9 convivido com pol\u00edticos em \u00e9poca que fazia campanha na base do vale tudo, para se ganhar uma elei\u00e7\u00e3o.<\/font> <\/p>\n<p align=\"justify\"><font size=\"3\" face=\"Arial\">Este ano, no Agreste, os pol\u00edticos que fizeram suas campanhas limpas, sem agress\u00f5es, levaram o povo \u00e0s ruas arrastando multid\u00f5es, fizeram at\u00e9 com\u00edcios, mantendo as velhas tradi\u00e7\u00f5es de fazer pol\u00edtica sobre um palanque ainda que seja improvisado, sem baixar o n\u00edvel, todos eles est\u00e3o de parab\u00e9ns, s\u00e3o dignos de merecer receber o pr\u00eamio Nobel da Paz.. Fonte: Blog do Roberto Almeida<\/font><\/p>\n<div style=\"margin-top: 0px; margin-bottom: 0px;\" class=\"sharethis-inline-share-buttons\" ><\/div>","protected":false},"excerpt":{"rendered":"<p>Ainda hoje \u00e9 comum se v\u00ea em ano de elei\u00e7\u00f5es as trai\u00e7\u00f5es, brigas, ofensas, e at\u00e9 as baixarias na pol\u00edtica. Tudo isso faz parte de um cen\u00e1rio de como se fazia as velhas pol\u00edticas de antigamente, e que at\u00e9 hoje se repetem os mesmos h\u00e1bitos. Este ano as campanhas pol\u00edticas avan\u00e7aram num clima de muita [&hellip;]<\/p>\n","protected":false},"author":1,"featured_media":0,"comment_status":"open","ping_status":"open","sticky":false,"template":"","format":"standard","meta":{"footnotes":""},"categories":[2],"tags":[],"class_list":["post-2913","post","type-post","status-publish","format-standard","hentry","category-noticias-do-dia"],"_links":{"self":[{"href":"https:\/\/www.saloanoticias.com\/v1\/wp-json\/wp\/v2\/posts\/2913","targetHints":{"allow":["GET"]}}],"collection":[{"href":"https:\/\/www.saloanoticias.com\/v1\/wp-json\/wp\/v2\/posts"}],"about":[{"href":"https:\/\/www.saloanoticias.com\/v1\/wp-json\/wp\/v2\/types\/post"}],"author":[{"embeddable":true,"href":"https:\/\/www.saloanoticias.com\/v1\/wp-json\/wp\/v2\/users\/1"}],"replies":[{"embeddable":true,"href":"https:\/\/www.saloanoticias.com\/v1\/wp-json\/wp\/v2\/comments?post=2913"}],"version-history":[{"count":0,"href":"https:\/\/www.saloanoticias.com\/v1\/wp-json\/wp\/v2\/posts\/2913\/revisions"}],"wp:attachment":[{"href":"https:\/\/www.saloanoticias.com\/v1\/wp-json\/wp\/v2\/media?parent=2913"}],"wp:term":[{"taxonomy":"category","embeddable":true,"href":"https:\/\/www.saloanoticias.com\/v1\/wp-json\/wp\/v2\/categories?post=2913"},{"taxonomy":"post_tag","embeddable":true,"href":"https:\/\/www.saloanoticias.com\/v1\/wp-json\/wp\/v2\/tags?post=2913"}],"curies":[{"name":"wp","href":"https:\/\/api.w.org\/{rel}","templated":true}]}}