{"id":29121,"date":"2025-07-30T20:16:23","date_gmt":"2025-07-30T23:16:23","guid":{"rendered":"https:\/\/www.saloanoticias.com\/v1\/?p=29121"},"modified":"2025-07-30T20:18:23","modified_gmt":"2025-07-30T23:18:23","slug":"1o-evento-setorial-do-plansanear-para-discutir-saneamento-basico-sera-realizado-na-prata-nesta-quinta-feira-31","status":"publish","type":"post","link":"https:\/\/www.saloanoticias.com\/v1\/1o-evento-setorial-do-plansanear-para-discutir-saneamento-basico-sera-realizado-na-prata-nesta-quinta-feira-31\/","title":{"rendered":"1\u00ba Evento Setorial do Plansanear para discutir saneamento b\u00e1sico ser\u00e1 realizado na Prata nesta quinta-feira (31)"},"content":{"rendered":"\n<p>O munic\u00edpio de Salo\u00e1 dar\u00e1 um passo importante na discuss\u00e3o sobre saneamento b\u00e1sico com a realiza\u00e7\u00e3o do <strong>1\u00ba Evento Setorial do Plansanear<\/strong>. Com o apoio da Prefeitura Municipal, o encontro tem como objetivo aprofundar os debates sobre os pactos, conte\u00fados e diagn\u00f3sticos da situa\u00e7\u00e3o atual dos servi\u00e7os de saneamento e seus impactos nas condi\u00e7\u00f5es de vida da popula\u00e7\u00e3o.<\/p>\n\n\n\n<p>O evento est\u00e1 marcado para esta quinta-feira, dia 31 de julho, a partir das 14h, na Escola Manoel Tiago Mendes da Prata. A escolha de um local acess\u00edvel e o convite aberto a todos os cidad\u00e3os refor\u00e7am a inten\u00e7\u00e3o de promover uma ampla participa\u00e7\u00e3o popular na constru\u00e7\u00e3o de solu\u00e7\u00f5es para o setor.<\/p>\n\n\n\n<p>O Plansanear (Plano Municipal de Saneamento B\u00e1sico) \u00e9 uma ferramenta essencial para o planejamento e a gest\u00e3o dos servi\u00e7os de \u00e1gua, esgoto, res\u00edduos s\u00f3lidos e drenagem urbana. Este primeiro evento setorial visa coletar informa\u00e7\u00f5es, ouvir a comunidade e validar dados que ser\u00e3o cruciais para a elabora\u00e7\u00e3o ou revis\u00e3o desse plano.<\/p>\n\n\n\n<p>Durante o encontro, espera-se que sejam apresentados diagn\u00f3sticos preliminares sobre a realidade do saneamento em Salo\u00e1, identificando os principais desafios e as \u00e1reas que necessitam de maior aten\u00e7\u00e3o. A discuss\u00e3o sobre os impactos desses servi\u00e7os na sa\u00fade, no meio ambiente e na qualidade de vida dos saloaenses ser\u00e1 um dos focos, permitindo que a popula\u00e7\u00e3o compreenda a relev\u00e2ncia direta do saneamento para o seu dia a dia.<\/p>\n\n\n\n<p>A Prefeitura de Salo\u00e1 convida todos os moradores, representantes de associa\u00e7\u00f5es, t\u00e9cnicos e demais interessados a participarem ativamente deste evento setorial. A contribui\u00e7\u00e3o de cada um ser\u00e1 fundamental para que o Plansanear de Salo\u00e1 seja um instrumento eficaz na garantia de um saneamento b\u00e1sico de qualidade para toda a popula\u00e7\u00e3o.<\/p>\n<div style=\"margin-top: 0px; margin-bottom: 0px;\" class=\"sharethis-inline-share-buttons\" ><\/div>","protected":false},"excerpt":{"rendered":"<p>O munic\u00edpio de Salo\u00e1 dar\u00e1 um passo importante na discuss\u00e3o sobre saneamento b\u00e1sico com a realiza\u00e7\u00e3o do 1\u00ba Evento Setorial do Plansanear. Com o apoio da Prefeitura Municipal, o encontro tem como objetivo aprofundar os debates sobre os pactos, conte\u00fados e diagn\u00f3sticos da situa\u00e7\u00e3o atual dos servi\u00e7os de saneamento e seus impactos nas condi\u00e7\u00f5es de [&hellip;]<\/p>\n","protected":false},"author":1,"featured_media":29123,"comment_status":"closed","ping_status":"closed","sticky":false,"template":"","format":"standard","meta":{"footnotes":""},"categories":[21],"tags":[22],"class_list":["post-29121","post","type-post","status-publish","format-standard","has-post-thumbnail","hentry","category-cidade","tag-destaques"],"_links":{"self":[{"href":"https:\/\/www.saloanoticias.com\/v1\/wp-json\/wp\/v2\/posts\/29121","targetHints":{"allow":["GET"]}}],"collection":[{"href":"https:\/\/www.saloanoticias.com\/v1\/wp-json\/wp\/v2\/posts"}],"about":[{"href":"https:\/\/www.saloanoticias.com\/v1\/wp-json\/wp\/v2\/types\/post"}],"author":[{"embeddable":true,"href":"https:\/\/www.saloanoticias.com\/v1\/wp-json\/wp\/v2\/users\/1"}],"replies":[{"embeddable":true,"href":"https:\/\/www.saloanoticias.com\/v1\/wp-json\/wp\/v2\/comments?post=29121"}],"version-history":[{"count":2,"href":"https:\/\/www.saloanoticias.com\/v1\/wp-json\/wp\/v2\/posts\/29121\/revisions"}],"predecessor-version":[{"id":29125,"href":"https:\/\/www.saloanoticias.com\/v1\/wp-json\/wp\/v2\/posts\/29121\/revisions\/29125"}],"wp:featuredmedia":[{"embeddable":true,"href":"https:\/\/www.saloanoticias.com\/v1\/wp-json\/wp\/v2\/media\/29123"}],"wp:attachment":[{"href":"https:\/\/www.saloanoticias.com\/v1\/wp-json\/wp\/v2\/media?parent=29121"}],"wp:term":[{"taxonomy":"category","embeddable":true,"href":"https:\/\/www.saloanoticias.com\/v1\/wp-json\/wp\/v2\/categories?post=29121"},{"taxonomy":"post_tag","embeddable":true,"href":"https:\/\/www.saloanoticias.com\/v1\/wp-json\/wp\/v2\/tags?post=29121"}],"curies":[{"name":"wp","href":"https:\/\/api.w.org\/{rel}","templated":true}]}}