{"id":29112,"date":"2025-07-29T09:32:12","date_gmt":"2025-07-29T12:32:12","guid":{"rendered":"https:\/\/www.saloanoticias.com\/v1\/?p=29112"},"modified":"2025-07-29T09:37:38","modified_gmt":"2025-07-29T12:37:38","slug":"saloa-fortalece-frota-municipal-com-entrega-de-veiculos-pelo-prefeito-junior-de-rivaldo","status":"publish","type":"post","link":"https:\/\/www.saloanoticias.com\/v1\/saloa-fortalece-frota-municipal-com-entrega-de-veiculos-pelo-prefeito-junior-de-rivaldo\/","title":{"rendered":"Salo\u00e1 fortalece frota municipal com entrega de ve\u00edculos pelo Prefeito J\u00fanior de Rivaldo"},"content":{"rendered":"\n<p>A frota de ve\u00edculos de Salo\u00e1 ser\u00e1 significativamente refor\u00e7ada nesta quarta-feira, 30 de julho de 2025. O prefeito J\u00fanior de Rivaldo far\u00e1 a entrega oficial de um pacote de novos ve\u00edculos que beneficiar\u00e3o diversas \u00e1reas da administra\u00e7\u00e3o municipal.<\/p>\n\n\n\n<p>As entregas est\u00e3o marcadas para \u00e0s 10h da manh\u00e3, com a presen\u00e7a de secret\u00e1rios, vereadores e outras autoridades locais. A popula\u00e7\u00e3o e os servidores celebrar\u00e3o a chegada de um \u00f4nibus escolar, que ampliar\u00e1 e qualificar\u00e1 o transporte de estudantes na zona rural e urbana, garantindo mais seguran\u00e7a e conforto para os alunos.<\/p>\n\n\n\n<p>Al\u00e9m do transporte escolar, a mobilidade e a efici\u00eancia dos servi\u00e7os p\u00fablicos ser\u00e3o otimizadas com a incorpora\u00e7\u00e3o de uma Chevrolet Spin, ideal para transporte de equipes e passageiros, e uma Fiat Strada, ve\u00edculo vers\u00e1til para o apoio log\u00edstico e de servi\u00e7os.<\/p>\n\n\n\n<p>A frota de ve\u00edculos leves tamb\u00e9m receber\u00e1 um refor\u00e7o importante com um Cronos, que servir\u00e1 para as demandas administrativas. Para completar, quatro motos ser\u00e3o entregues, otimizando o deslocamento de equipes em diferentes setores e agilizando as fiscaliza\u00e7\u00f5es e atendimentos em todo o territ\u00f3rio municipal.<\/p>\n\n\n\n<p>A aquisi\u00e7\u00e3o desses ve\u00edculos demonstra o compromisso da gest\u00e3o de J\u00fanior de Rivaldo em modernizar a estrutura da prefeitura e, consequentemente, melhorar a qualidade dos servi\u00e7os prestados \u00e0 popula\u00e7\u00e3o. A presen\u00e7a das autoridades locais na solenidade sublinha a import\u00e2ncia do investimento para o desenvolvimento do munic\u00edpio.<\/p>\n\n\n\n<p>A entrega representa n\u00e3o apenas um avan\u00e7o em termos de infraestrutura, mas tamb\u00e9m um passo significativo para a otimiza\u00e7\u00e3o dos trabalhos di\u00e1rios das secretarias, garantindo que os servi\u00e7os p\u00fablicos cheguem de forma mais eficaz e r\u00e1pida a todos os cidad\u00e3os de Salo\u00e1.<\/p>\n\n\n<div class=\"wp-block-image\">\n<figure class=\"aligncenter size-large\"><img loading=\"lazy\" decoding=\"async\" width=\"819\" height=\"1024\" src=\"https:\/\/www.saloanoticias.com\/v1\/wp-content\/uploads\/2025\/07\/fa546654-78f7-458e-9cec-c7c49a1a4f77-819x1024.jpeg\" alt=\"\" class=\"wp-image-29115\" srcset=\"https:\/\/www.saloanoticias.com\/v1\/wp-content\/uploads\/2025\/07\/fa546654-78f7-458e-9cec-c7c49a1a4f77-819x1024.jpeg 819w, https:\/\/www.saloanoticias.com\/v1\/wp-content\/uploads\/2025\/07\/fa546654-78f7-458e-9cec-c7c49a1a4f77-240x300.jpeg 240w, https:\/\/www.saloanoticias.com\/v1\/wp-content\/uploads\/2025\/07\/fa546654-78f7-458e-9cec-c7c49a1a4f77-768x960.jpeg 768w, https:\/\/www.saloanoticias.com\/v1\/wp-content\/uploads\/2025\/07\/fa546654-78f7-458e-9cec-c7c49a1a4f77.jpeg 1080w\" sizes=\"auto, (max-width: 819px) 100vw, 819px\" \/><\/figure>\n<\/div><div style=\"margin-top: 0px; margin-bottom: 0px;\" class=\"sharethis-inline-share-buttons\" ><\/div>","protected":false},"excerpt":{"rendered":"<p>A frota de ve\u00edculos de Salo\u00e1 ser\u00e1 significativamente refor\u00e7ada nesta quarta-feira, 30 de julho de 2025. O prefeito J\u00fanior de Rivaldo far\u00e1 a entrega oficial de um pacote de novos ve\u00edculos que beneficiar\u00e3o diversas \u00e1reas da administra\u00e7\u00e3o municipal. As entregas est\u00e3o marcadas para \u00e0s 10h da manh\u00e3, com a presen\u00e7a de secret\u00e1rios, vereadores e outras [&hellip;]<\/p>\n","protected":false},"author":1,"featured_media":29114,"comment_status":"closed","ping_status":"closed","sticky":false,"template":"","format":"standard","meta":{"footnotes":""},"categories":[21],"tags":[22],"class_list":["post-29112","post","type-post","status-publish","format-standard","has-post-thumbnail","hentry","category-cidade","tag-destaques"],"_links":{"self":[{"href":"https:\/\/www.saloanoticias.com\/v1\/wp-json\/wp\/v2\/posts\/29112","targetHints":{"allow":["GET"]}}],"collection":[{"href":"https:\/\/www.saloanoticias.com\/v1\/wp-json\/wp\/v2\/posts"}],"about":[{"href":"https:\/\/www.saloanoticias.com\/v1\/wp-json\/wp\/v2\/types\/post"}],"author":[{"embeddable":true,"href":"https:\/\/www.saloanoticias.com\/v1\/wp-json\/wp\/v2\/users\/1"}],"replies":[{"embeddable":true,"href":"https:\/\/www.saloanoticias.com\/v1\/wp-json\/wp\/v2\/comments?post=29112"}],"version-history":[{"count":2,"href":"https:\/\/www.saloanoticias.com\/v1\/wp-json\/wp\/v2\/posts\/29112\/revisions"}],"predecessor-version":[{"id":29116,"href":"https:\/\/www.saloanoticias.com\/v1\/wp-json\/wp\/v2\/posts\/29112\/revisions\/29116"}],"wp:featuredmedia":[{"embeddable":true,"href":"https:\/\/www.saloanoticias.com\/v1\/wp-json\/wp\/v2\/media\/29114"}],"wp:attachment":[{"href":"https:\/\/www.saloanoticias.com\/v1\/wp-json\/wp\/v2\/media?parent=29112"}],"wp:term":[{"taxonomy":"category","embeddable":true,"href":"https:\/\/www.saloanoticias.com\/v1\/wp-json\/wp\/v2\/categories?post=29112"},{"taxonomy":"post_tag","embeddable":true,"href":"https:\/\/www.saloanoticias.com\/v1\/wp-json\/wp\/v2\/tags?post=29112"}],"curies":[{"name":"wp","href":"https:\/\/api.w.org\/{rel}","templated":true}]}}