{"id":2910,"date":"2016-09-29T00:00:00","date_gmt":"2016-09-29T00:00:00","guid":{"rendered":"https:\/\/saloanoticias.mrmediaweb.com\/v1\/2016\/09\/29\/assembleia-de-deus-realiza-desfile-pelas-ruas-de-saloa\/"},"modified":"2016-09-29T00:00:00","modified_gmt":"2016-09-29T00:00:00","slug":"assembleia-de-deus-realiza-desfile-pelas-ruas-de-saloa","status":"publish","type":"post","link":"https:\/\/www.saloanoticias.com\/v1\/assembleia-de-deus-realiza-desfile-pelas-ruas-de-saloa\/","title":{"rendered":"IG. ASSEMBLEIA DE DEUS REALIZA DESFILE PELAS RUAS DE SALO\u00c1"},"content":{"rendered":"<p align=\"justify\"><font size=\"3\" face=\"Arial\"><a href=\"http:\/\/www.saloanoticias.com\/images\/dsc_5765.jpg\"><img loading=\"lazy\" decoding=\"async\" title=\"DSC_5765\" style=\"border-top: 0px; border-right: 0px; background-image: none; border-bottom: 0px; float: none; padding-top: 0px; padding-left: 0px; margin: 0px auto 10px; border-left: 0px; display: block; padding-right: 0px\" border=\"0\" alt=\"DSC_5765\" src=\"http:\/\/www.saloanoticias.com\/v1\/wp-content\/uploads\/imagens\/dsc_5765_thumb.jpg\" width=\"1434\" height=\"950\"><\/a>A Igreja Evang\u00e9lica Assembleia de Deus na cidade de Salo\u00e1\/PE realizou na tarde do \u00faltimo domingo (25) um lindo desfile pelas principais ruas da cidade. O evento fez parte da programa\u00e7\u00e3o do 6\u00ba Congresso de Jovens e&nbsp;&nbsp; mobilizou centenas de jovens, vindos at\u00e9 de outras cidades do Estado. Com o tema: \u201cComo purificar\u00e1 o jovem o seu caminho ?\u201d em Salmos 119.9, a mocidade fez bonito com a apresenta\u00e7\u00e3o de placas e partes enfatizando mensagens b\u00edblicas.<\/font><\/p>\n<p align=\"justify\"><a href=\"http:\/\/www.saloanoticias.com\/images\/dsc_5686.jpg\"><img loading=\"lazy\" decoding=\"async\" title=\"DSC_5686\" style=\"border-top: 0px; border-right: 0px; background-image: none; border-bottom: 0px; float: none; padding-top: 0px; padding-left: 0px; margin-left: auto; border-left: 0px; display: block; padding-right: 0px; margin-right: auto\" border=\"0\" alt=\"DSC_5686\" src=\"http:\/\/www.saloanoticias.com\/v1\/wp-content\/uploads\/imagens\/dsc_5686_thumb.jpg\" width=\"1435\" height=\"951\"><\/a><\/p>\n<p align=\"justify\"><font size=\"3\" face=\"Arial\">A mocidade da igreja tem a dire\u00e7\u00e3o dos irm\u00e3os M\u00e1rcio Ferreira e F\u00e1bio Melo, que ao lado dos referidos jovens est\u00e3o sempre realizando grandes eventos no meio evang\u00e9lico. Constou ainda na programa\u00e7\u00e3o oficial os cultos do s\u00e1bado a noite, no domingo a tarde e noite com a presen\u00e7a de cantores e pregadores especialmente convidados. Fotos: Bruno Alison<\/font><\/p>\n<p align=\"justify\"><a href=\"http:\/\/www.saloanoticias.com\/images\/dsc_5724.jpg\"><img loading=\"lazy\" decoding=\"async\" title=\"DSC_5724\" style=\"border-top: 0px; border-right: 0px; background-image: none; border-bottom: 0px; float: none; padding-top: 0px; padding-left: 0px; margin-left: auto; border-left: 0px; display: block; padding-right: 0px; margin-right: auto\" border=\"0\" alt=\"DSC_5724\" src=\"http:\/\/www.saloanoticias.com\/v1\/wp-content\/uploads\/imagens\/dsc_5724_thumb.jpg\" width=\"1438\" height=\"952\"><\/a><\/p>\n<p><a href=\"http:\/\/www.saloanoticias.com\/images\/dsc_5950.jpg\"><img loading=\"lazy\" decoding=\"async\" title=\"DSC_5950\" style=\"border-top: 0px; border-right: 0px; background-image: none; border-bottom: 0px; float: none; padding-top: 0px; padding-left: 0px; margin-left: auto; border-left: 0px; display: block; padding-right: 0px; margin-right: auto\" border=\"0\" alt=\"DSC_5950\" src=\"http:\/\/www.saloanoticias.com\/v1\/wp-content\/uploads\/imagens\/dsc_5950_thumb.jpg\" width=\"1439\" height=\"954\"><\/a><\/p>\n<div style=\"margin-top: 0px; margin-bottom: 0px;\" class=\"sharethis-inline-share-buttons\" ><\/div>","protected":false},"excerpt":{"rendered":"<p>A Igreja Evang\u00e9lica Assembleia de Deus na cidade de Salo\u00e1\/PE realizou na tarde do \u00faltimo domingo (25) um lindo desfile pelas principais ruas da cidade. O evento fez parte da programa\u00e7\u00e3o do 6\u00ba Congresso de Jovens e&nbsp;&nbsp; mobilizou centenas de jovens, vindos at\u00e9 de outras cidades do Estado. Com o tema: \u201cComo purificar\u00e1 o jovem [&hellip;]<\/p>\n","protected":false},"author":1,"featured_media":0,"comment_status":"open","ping_status":"open","sticky":false,"template":"","format":"standard","meta":{"footnotes":""},"categories":[2],"tags":[],"class_list":["post-2910","post","type-post","status-publish","format-standard","hentry","category-noticias-do-dia"],"_links":{"self":[{"href":"https:\/\/www.saloanoticias.com\/v1\/wp-json\/wp\/v2\/posts\/2910","targetHints":{"allow":["GET"]}}],"collection":[{"href":"https:\/\/www.saloanoticias.com\/v1\/wp-json\/wp\/v2\/posts"}],"about":[{"href":"https:\/\/www.saloanoticias.com\/v1\/wp-json\/wp\/v2\/types\/post"}],"author":[{"embeddable":true,"href":"https:\/\/www.saloanoticias.com\/v1\/wp-json\/wp\/v2\/users\/1"}],"replies":[{"embeddable":true,"href":"https:\/\/www.saloanoticias.com\/v1\/wp-json\/wp\/v2\/comments?post=2910"}],"version-history":[{"count":0,"href":"https:\/\/www.saloanoticias.com\/v1\/wp-json\/wp\/v2\/posts\/2910\/revisions"}],"wp:attachment":[{"href":"https:\/\/www.saloanoticias.com\/v1\/wp-json\/wp\/v2\/media?parent=2910"}],"wp:term":[{"taxonomy":"category","embeddable":true,"href":"https:\/\/www.saloanoticias.com\/v1\/wp-json\/wp\/v2\/categories?post=2910"},{"taxonomy":"post_tag","embeddable":true,"href":"https:\/\/www.saloanoticias.com\/v1\/wp-json\/wp\/v2\/tags?post=2910"}],"curies":[{"name":"wp","href":"https:\/\/api.w.org\/{rel}","templated":true}]}}