{"id":29098,"date":"2025-07-27T19:31:41","date_gmt":"2025-07-27T22:31:41","guid":{"rendered":"https:\/\/www.saloanoticias.com\/v1\/?p=29098"},"modified":"2025-07-27T19:32:56","modified_gmt":"2025-07-27T22:32:56","slug":"prefeito-junior-de-rivaldo-participou-do-aniversario-do-sr-tonho-de-pino","status":"publish","type":"post","link":"https:\/\/www.saloanoticias.com\/v1\/prefeito-junior-de-rivaldo-participou-do-aniversario-do-sr-tonho-de-pino\/","title":{"rendered":"Prefeito J\u00fanior de Rivaldo participa do anivers\u00e1rio do Sr. Tonho de Pino"},"content":{"rendered":"\n<p>Em um evento que celebrou a vida e a influ\u00eancia de uma figura querida na comunidade, o prefeito J\u00fanior de Rivaldo marcou presen\u00e7a no anivers\u00e1rio do Sr. Tonho de Pino, morador ilustre e bastante respeitado do S\u00edtio Camaratuba da Prata.<\/p>\n\n\n\n<p>A festa, que reuniu amigos e familiares, foi palco de diversas homenagens que destacaram a import\u00e2ncia do Sr. Tonho para a sua fam\u00edlia. A comemora\u00e7\u00e3o aconteceu na resid\u00eancia do patriarca em um ambiente de alegria e confraterniza\u00e7\u00e3o, onde o Sr. Tonho de Pino, recebeu o carinho de todos. <\/p>\n\n\n\n<p>A presen\u00e7a do prefeito J\u00fanior de Rivaldo e sua equipe no anivers\u00e1rio demonstra o reconhecimento da administra\u00e7\u00e3o municipal \u00e0 atua\u00e7\u00e3o e ao legado de personalidades que, como o Sr. Tonho, enriquecem o tecido social da Camaratuba da Prata.<\/p>\n\n\n\n<p>Durante a festa, discursos emocionados e gestos de gratid\u00e3o pontuaram as homenagens ao aniversariante. A participa\u00e7\u00e3o de amigos e familiares ressaltou os la\u00e7os de afeto e respeito que o Sr. Tonho construiu ao longo dos anos, solidificando sua imagem como uma refer\u00eancia na localidade.<\/p>\n\n\n\n<p>A uni\u00e3o da comunidade em torno da celebra\u00e7\u00e3o refor\u00e7ou o esp\u00edrito colaborativo e a valoriza\u00e7\u00e3o das ra\u00edzes que caracterizam o S\u00edtio Camaratuba da Prata.<\/p>\n<div style=\"margin-top: 0px; margin-bottom: 0px;\" class=\"sharethis-inline-share-buttons\" ><\/div>","protected":false},"excerpt":{"rendered":"<p>Em um evento que celebrou a vida e a influ\u00eancia de uma figura querida na comunidade, o prefeito J\u00fanior de Rivaldo marcou presen\u00e7a no anivers\u00e1rio do Sr. Tonho de Pino, morador ilustre e bastante respeitado do S\u00edtio Camaratuba da Prata. A festa, que reuniu amigos e familiares, foi palco de diversas homenagens que destacaram a [&hellip;]<\/p>\n","protected":false},"author":1,"featured_media":29099,"comment_status":"closed","ping_status":"closed","sticky":false,"template":"","format":"standard","meta":{"footnotes":""},"categories":[21],"tags":[22],"class_list":["post-29098","post","type-post","status-publish","format-standard","has-post-thumbnail","hentry","category-cidade","tag-destaques"],"_links":{"self":[{"href":"https:\/\/www.saloanoticias.com\/v1\/wp-json\/wp\/v2\/posts\/29098","targetHints":{"allow":["GET"]}}],"collection":[{"href":"https:\/\/www.saloanoticias.com\/v1\/wp-json\/wp\/v2\/posts"}],"about":[{"href":"https:\/\/www.saloanoticias.com\/v1\/wp-json\/wp\/v2\/types\/post"}],"author":[{"embeddable":true,"href":"https:\/\/www.saloanoticias.com\/v1\/wp-json\/wp\/v2\/users\/1"}],"replies":[{"embeddable":true,"href":"https:\/\/www.saloanoticias.com\/v1\/wp-json\/wp\/v2\/comments?post=29098"}],"version-history":[{"count":2,"href":"https:\/\/www.saloanoticias.com\/v1\/wp-json\/wp\/v2\/posts\/29098\/revisions"}],"predecessor-version":[{"id":29101,"href":"https:\/\/www.saloanoticias.com\/v1\/wp-json\/wp\/v2\/posts\/29098\/revisions\/29101"}],"wp:featuredmedia":[{"embeddable":true,"href":"https:\/\/www.saloanoticias.com\/v1\/wp-json\/wp\/v2\/media\/29099"}],"wp:attachment":[{"href":"https:\/\/www.saloanoticias.com\/v1\/wp-json\/wp\/v2\/media?parent=29098"}],"wp:term":[{"taxonomy":"category","embeddable":true,"href":"https:\/\/www.saloanoticias.com\/v1\/wp-json\/wp\/v2\/categories?post=29098"},{"taxonomy":"post_tag","embeddable":true,"href":"https:\/\/www.saloanoticias.com\/v1\/wp-json\/wp\/v2\/tags?post=29098"}],"curies":[{"name":"wp","href":"https:\/\/api.w.org\/{rel}","templated":true}]}}