{"id":29080,"date":"2025-07-25T12:11:46","date_gmt":"2025-07-25T15:11:46","guid":{"rendered":"https:\/\/www.saloanoticias.com\/v1\/?p=29080"},"modified":"2025-07-29T09:15:37","modified_gmt":"2025-07-29T12:15:37","slug":"empreendedorismo-feminino-no-campo-catimbau-recebe-palestra-essencial-para-mulheres-rurais","status":"publish","type":"post","link":"https:\/\/www.saloanoticias.com\/v1\/empreendedorismo-feminino-no-campo-catimbau-recebe-palestra-essencial-para-mulheres-rurais\/","title":{"rendered":"Empreendedorismo Feminino no Campo: Catimbau Recebe Palestra Essencial para Mulheres Rurais"},"content":{"rendered":"\n<p>No pr\u00f3ximo dia 25 de agosto de 2025, a Associa\u00e7\u00e3o das Mulheres Fortes do Catimbau ser\u00e1 palco de um evento crucial para o desenvolvimento feminino no setor rural. A partir das 14 horas, a palestra &#8220;Empreendedorismo Feminino no Campo&#8221; trar\u00e1 discuss\u00f5es e insights valiosos sobre gera\u00e7\u00e3o de renda, inova\u00e7\u00e3o e lideran\u00e7a feminina nas atividades rurais.<\/p>\n\n\n\n<p>A iniciativa \u00e9 resultado de uma parceria estrat\u00e9gica entre o SEBRAE, a Prefeitura de Salo\u00e1 e a Associa\u00e7\u00e3o das Mulheres Fortes, demonstrando o compromisso conjunto com o fortalecimento e a capacita\u00e7\u00e3o das mulheres que atuam no campo.<\/p>\n\n\n\n<p>Com foco em temas que impactam diretamente a vida e os neg\u00f3cios das empreendedoras rurais, a palestra visa oferecer ferramentas e conhecimentos para que essas mulheres possam expandir suas atividades, inovar em seus processos e assumir pap\u00e9is de lideran\u00e7a em suas comunidades.<\/p>\n\n\n\n<p>A expectativa \u00e9 que o evento inspire novas iniciativas e fomente a troca de experi\u00eancias entre as participantes, contribuindo para um ambiente mais pr\u00f3spero e equitativo no meio rural de Salo\u00e1 e regi\u00e3o.<\/p>\n<div style=\"margin-top: 0px; margin-bottom: 0px;\" class=\"sharethis-inline-share-buttons\" ><\/div>","protected":false},"excerpt":{"rendered":"<p>No pr\u00f3ximo dia 25 de agosto de 2025, a Associa\u00e7\u00e3o das Mulheres Fortes do Catimbau ser\u00e1 palco de um evento crucial para o desenvolvimento feminino no setor rural. A partir das 14 horas, a palestra &#8220;Empreendedorismo Feminino no Campo&#8221; trar\u00e1 discuss\u00f5es e insights valiosos sobre gera\u00e7\u00e3o de renda, inova\u00e7\u00e3o e lideran\u00e7a feminina nas atividades rurais. [&hellip;]<\/p>\n","protected":false},"author":1,"featured_media":29082,"comment_status":"closed","ping_status":"closed","sticky":false,"template":"","format":"standard","meta":{"footnotes":""},"categories":[21],"tags":[22],"class_list":["post-29080","post","type-post","status-publish","format-standard","has-post-thumbnail","hentry","category-cidade","tag-destaques"],"_links":{"self":[{"href":"https:\/\/www.saloanoticias.com\/v1\/wp-json\/wp\/v2\/posts\/29080","targetHints":{"allow":["GET"]}}],"collection":[{"href":"https:\/\/www.saloanoticias.com\/v1\/wp-json\/wp\/v2\/posts"}],"about":[{"href":"https:\/\/www.saloanoticias.com\/v1\/wp-json\/wp\/v2\/types\/post"}],"author":[{"embeddable":true,"href":"https:\/\/www.saloanoticias.com\/v1\/wp-json\/wp\/v2\/users\/1"}],"replies":[{"embeddable":true,"href":"https:\/\/www.saloanoticias.com\/v1\/wp-json\/wp\/v2\/comments?post=29080"}],"version-history":[{"count":2,"href":"https:\/\/www.saloanoticias.com\/v1\/wp-json\/wp\/v2\/posts\/29080\/revisions"}],"predecessor-version":[{"id":29111,"href":"https:\/\/www.saloanoticias.com\/v1\/wp-json\/wp\/v2\/posts\/29080\/revisions\/29111"}],"wp:featuredmedia":[{"embeddable":true,"href":"https:\/\/www.saloanoticias.com\/v1\/wp-json\/wp\/v2\/media\/29082"}],"wp:attachment":[{"href":"https:\/\/www.saloanoticias.com\/v1\/wp-json\/wp\/v2\/media?parent=29080"}],"wp:term":[{"taxonomy":"category","embeddable":true,"href":"https:\/\/www.saloanoticias.com\/v1\/wp-json\/wp\/v2\/categories?post=29080"},{"taxonomy":"post_tag","embeddable":true,"href":"https:\/\/www.saloanoticias.com\/v1\/wp-json\/wp\/v2\/tags?post=29080"}],"curies":[{"name":"wp","href":"https:\/\/api.w.org\/{rel}","templated":true}]}}