{"id":2908,"date":"2016-09-27T19:00:00","date_gmt":"2016-09-27T19:00:00","guid":{"rendered":"https:\/\/saloanoticias.mrmediaweb.com\/v1\/2016\/09\/27\/socorro-do-leite-divulga-discurso-da-prata-e-diz-que-governo-anterior-meia-duzia-ganhavam-altos-salarios\/"},"modified":"2016-09-27T19:00:00","modified_gmt":"2016-09-27T19:00:00","slug":"socorro-do-leite-divulga-discurso-da-prata-e-diz-que-governo-anterior-meia-duzia-ganhavam-altos-salarios","status":"publish","type":"post","link":"https:\/\/www.saloanoticias.com\/v1\/socorro-do-leite-divulga-discurso-da-prata-e-diz-que-governo-anterior-meia-duzia-ganhavam-altos-salarios\/","title":{"rendered":"SOCORRO DO LEITE DIVULGA DISCURSO DA PRATA E DIZ QUE NO \u201cGOVERNO ANTERIOR\u201d MEIA D\u00daZIA GANHAVAM ALTOS SAL\u00c1RIOS E QUE SALO\u00c1 ESTAVA NO FUNDO DO PO\u00c7O"},"content":{"rendered":"<p align=\"justify\"><font size=\"3\" face=\"Arial\"><a href=\"http:\/\/www.saloanoticias.com\/images\/z-do-leite-e-socorro-.jpg\"><img loading=\"lazy\" decoding=\"async\" title=\"Z&eacute; do Leite e Socorro \" style=\"border-top: 0px; border-right: 0px; background-image: none; border-bottom: 0px; float: left; padding-top: 0px; padding-left: 0px; margin: 5px 5px 10px 0px; border-left: 0px; display: inline; padding-right: 0px\" border=\"0\" alt=\"Z&eacute; do Leite e Socorro \" src=\"http:\/\/www.saloanoticias.com\/v1\/wp-content\/uploads\/imagens\/z-do-leite-e-socorro-_thumb.jpg\" width=\"284\" align=\"left\" height=\"213\"><\/a>Tr\u00eas motivos me impediram de falar a uma multid\u00e3o que estava em Iatec\u00e1. O meu sistema emocional abalado, afinal eu estava a cinq\u00fcenta metros do meu filho, um trauma de um com\u00edcio de 2008 e o cansa\u00e7o estampado no rosto de cada um que ali estava, principalmente os deficientes. Pe\u00e7o desculpas a popula\u00e7\u00e3o e coloco na integra o discurso que eu tinha preparado. Aqui eu sa\u00fado o Exc. Sr. Deputado Federal Danilo Cabral, o Prefeito do munic\u00edpio e companheiro de chapa Ricardo Alves.<\/font><\/p>\n<p align=\"justify\"><font size=\"3\" face=\"Arial\">A todos que comp\u00f5e o grupo e ao povo em geral. <\/font><font size=\"3\" face=\"Arial\">Minha gente j\u00e1 temos um bom tempo de campanha, sei que todos os candidatos j\u00e1 disseram tudo que seria necess\u00e1rio, mais neste antepen\u00faltimo com\u00edcio me vejo na obriga\u00e7\u00e3o de fazer algumas perguntas ao povo da Prata e a popula\u00e7\u00e3o em geral. Durante 5 anos do governo anterior, eu e Z\u00e9 do Leite receb\u00edamos visitas praticamente di\u00e1rias com pedido de socorro, para que pud\u00e9ssemos fazer algo pela pobreza que encontravam-se ao relento, com frio, fome e sede&#8230;<\/font><\/p>\n<p align=\"justify\"><font size=\"3\" face=\"Arial\">Apenas meia d\u00fazia de bacanas tinham seus sal\u00e1rios de 3 ou 4 mil reais. Enquanto o restante tinha um sal\u00e1rio m\u00ednimo divido para 4 ou 5 pessoas. Em cada sala de aula tinha a professora tr\u00eas, quatro at\u00e9 mais, assistentes principalmente as v\u00e9speras de elei\u00e7\u00e3o com o sal\u00e1rios m\u00ednimo tamb\u00e9m dividido. Em algumas escolas que tive conhecimento a merenda era pipoca e o caf\u00e9 dos professores, eles pr\u00f3prios se revezavam para a compra. <\/font><font size=\"3\" face=\"Arial\">Vou citar algumas a\u00e7\u00f5es deste governo que me recordo no momento.<\/font><\/p>\n<p align=\"justify\"><font size=\"3\" face=\"Arial\">Iniciando pela Prata lugar onde estamos. No que eu estiver errada pe\u00e7o que voc\u00eas me repreendam. Foi feito o piso da quadra que n\u00e3o deu tempo Z\u00e9 do Leite colocar e complementada s\u00f3 agora por Ricardo. Duas salas de aula no Manoel Tiago Mendes, dois quebra molas e o cal\u00e7amento de um peda\u00e7o da Rua de Gercino. No resto do munic\u00edpio s\u00f3 consigo lembrar: A cer\u00e2mica da frente do col\u00e9gio S\u00e3o Vicente, uma porta de vidro na maternidade Josina Godoy, uma capela, a cer\u00e2mica e quatro bel\u00edssimos lustres italianos nos alpendres do CCI, um posto de sa\u00fade na Santa Teresa com recurso Federal, uma caixa d\u2019\u00e1gua de 5 mil litros na COHAB nova, tr\u00eas pontos de \u00f4nibus, dois postos de sa\u00fade projeto federal mas constru\u00eddo no meio da pra\u00e7a do Jaqueir\u00e3o e outro na pra\u00e7a do S\u00e3o serafim pra n\u00e3o comprarem os terrenos, um col\u00e9gio modelo, projeto do Estado mais feito em cima do terreno onde Z\u00e9 do Leite tinha comprado para constru\u00e7\u00e3o de uma cer\u00e2mica que conclu\u00edda daria de inicio 100 empregos certos para a pobreza.<\/font><\/p>\n<p align=\"justify\"><font size=\"3\" face=\"Arial\">O curral do gado projeto deixado de Z\u00e9 do Leite, cal\u00e7amento de algumas ruas e quatro becos, projeto deixado inacabado por Z\u00e9 do Leite e um buraco escavado as v\u00e9speras de elei\u00e7\u00e3o em cada meia tarefa de terra que os pobres da V\u00e1rzea da Serra e Pau Santo tinham para plantar um litro de feij\u00e3o. At\u00e9 as 70 casas que a firma terminou quando Z\u00e9 do Leite saiu o povo foi obrigado invadir porque n\u00e3o foram capazes de entregar as seus pr\u00f3prios donos.<\/font><\/p>\n<p align=\"justify\"><font size=\"3\" face=\"Arial\">Foi um governo que deixou um rastro t\u00e3o obscuro que o munic\u00edpio recebeu 200.000,00 mil reais para duas festa famosas mas n\u00e3o tivemos o direito de participar que foi um festival de incentivo ao turismo e um festival de inverno. Desafio o ser humano saloaense que participou de uma inaugura\u00e7\u00e3o de um banheiro publico sequer, para que ficasse registrado no seu \u00e1lbum de foto como prefeito. Em 2007 quando foi arrastado um tapete com 5.500 eleitores e todas as autoridades que estavam em cima, tive a impress\u00e3o que est\u00e1vamos lidando com um guerreiro, forte destemido e respons\u00e1vel.<\/font><\/p>\n<p align=\"justify\"><font size=\"3\" face=\"Arial\">Logo em seguida descubro que o bom guerreiro vence a si para conquistar o mundo, j\u00e1 o mau guerreiro destr\u00f3i o mundo por satisfa\u00e7\u00e3o a si. Algu\u00e9m pode at\u00e9 dizer, mais esse foi o pai do atual candidato, n\u00e3o foi ele. Eu pergunto? Se o pai como mau guerreiro destruiu Salo\u00e1 por satisfa\u00e7\u00e3o a si, qual a moral que esse cidad\u00e3o tem para endossar esse filho que a \u00fanica experi\u00eancia de administra\u00e7\u00e3o que teve at\u00e9 hoje foi com tr\u00eas estabelecimentos comerciais, uma j\u00e1 fechou e dois est\u00e3o balan\u00e7ados.<\/font><\/p>\n<p align=\"justify\"><font size=\"3\" face=\"Arial\">A popula\u00e7\u00e3o nos pediu uma uni\u00e3o com Ricardo em 2012, foi atendida. Ricardo tem feito um governo diferenciado com rela\u00e7\u00e3o a tantos outros que j\u00e1 passaram, um trabalho incans\u00e1vel. Houve falhas ? sim ! \u00c9 um ser humano . As vezes a popula\u00e7\u00e3o esquece da diferen\u00e7a de administrar uma casa com 4 ou 5 pessoas e administrar 17 mil habitantes, isso n\u00e3o \u00e9 pra qualquer um. O que n\u00e3o consigo entender porque este povo nos imploravam para tirarmos a todo custo o governo que estava levando Salo\u00e1\/PE ao fundo do po\u00e7o.<\/font><\/p>\n<p align=\"justify\"><font size=\"3\" face=\"Arial\">Ouvi da boca de uma grande maioria principalmente de pessoas que hoje defendem com garra o governo do guerreiro, esta frase : Se em Salo\u00e1 ainda entrar um governo pelo menos parecido com este, precisamos internar porque \u00e9 louco. Fa\u00e7o mais uma pergunta? Em apenas 4 a insanidade destes loucos agora duplicada j\u00e1 virou a salva\u00e7\u00e3o para a popula\u00e7\u00e3o ? Sabemos que o pobre necessita de tudo, e quem lhe socorrer em v\u00e9spera de elei\u00e7\u00e3o por pequena que seja a contribui\u00e7\u00e3o \u00e9 o merecedor do voto.<\/font><\/p>\n<p align=\"justify\"><font size=\"3\" face=\"Arial\">Por que? Porque a honestidade do pobre \u00e9 tamanha que pra ele n\u00e3o importa o que vem pela frente seu \u00fanico objetivo \u00e9 pagar pelo que recebeu. Minha gente, sabemos que o analfabetismo ainda lidera no nosso pais e o pr\u00f3prio se sente diferenciado do Dr. \u00e9 baseado nisso que o menor carente \u00e9 t\u00e3o procurado por n\u00e3o ter uma boa visualiza\u00e7\u00e3o futura, o presente fala mais alto. Mais tem uma coisa que talvez ningu\u00e9m saiba que um poeta nunca ser\u00e1 um Dr. e um Dr. nunca ser\u00e1 poeta digo isto porque jamais a teoria do Dr. derrubar\u00e1 a experi\u00eancia do campon\u00eas analfabeto ou vice versa as duas \u00e1reas tem estilos extintos s\u00e3o d\u00e1divas de Deus, em momento nenhum o pobre deve se sentir inferior a ningu\u00e9m e muito menos se sentir escravos de quem lhe fisga atrav\u00e9s de iscas como peixe.<\/font><\/p>\n<p align=\"justify\"><font size=\"3\" face=\"Arial\">Sejam voc\u00eas, se derem o valor merecido, s\u00f3 voc\u00eas podem fazer isso, n\u00e3o se deixem enganar. S\u00e3o pol\u00edticos que fazem quest\u00e3o que o povo fique na mis\u00e9ria, pois assim fica mais f\u00e1cil manipular a consci\u00eancia dos que mais precisam\u201d,porque no mundo em que vivemos ningu\u00e9m da valor a ningu\u00e9m A \u00fanica arma que voc\u00eas tem em m\u00e3os \u00e9 o titulo de eleitor n\u00e3o para trocar por objetos f\u00fateis, busquem algu\u00e9m que possa lhe representar e voc\u00ea possa se sentir orgulhoso deste que leva teu nome, o nome de teu filho de tua fam\u00edlia de tua cidade ao pais inteiro mesmo quando voc\u00ea se sente o menor de todos.<\/font><\/p>\n<p align=\"justify\"><font size=\"3\" face=\"Arial\">N\u00e3o vou pedir a voc\u00eas que votem em A ou B s\u00f3 imploro que voc\u00eas analisem com o cora\u00e7\u00e3o tudo eu disse e vejam quem \u00e9 capaz de representar n\u00e3o por migalhas doada as v\u00e9speras de elei\u00e7\u00e3o ou atrav\u00e9s de promessas de empregos de prefeitura que os 17 mil habitantes buscam mesmo sabendo que isso \u00e9 imposs\u00edvel. Pois n\u00e3o passa de promessas falsas, como se prometer o que n\u00e3o se sabe o que vai ter em m\u00e3os ? Procurem votar pensando em quem tem mais capacidade de oferecer trabalho, desenvolvimento e principalmente no\u00e7\u00e3o de administra\u00e7\u00e3o e reconhecimento ao menor carente.<\/font><\/p>\n<p align=\"justify\"><font size=\"3\" face=\"Arial\">Me decepciono as vezes quando vejo diante de uma tecnologia t\u00e3o avan\u00e7ado como a de hoje jovens pobres, mais cultos, muitos at\u00e9 cursando as melhores faculdades e ainda buscando uma representa\u00e7\u00e3o sem nem um merecimento a si pr\u00f3prio pelas falsas promessa de um emprego qualquer. Acorda juventude ! O teu curr\u00edculo j\u00e1 estar garantindo o teu nome e o teu futuro na justi\u00e7a social n\u00e3o precisas mais de migalhas precisas de representa\u00e7\u00e3o com capacidade desenvolvimento e igualdade na sociedade. O meu muito obrigado !!!<\/font><\/p>\n<p align=\"center\"><font size=\"3\" face=\"Arial\"><strong>Socorro do Leite<\/strong><\/font><\/p>\n<p align=\"center\"><strong><font size=\"3\" face=\"Arial\">(Fonte: Facebook de Socorro do Leite)<\/font><\/strong><\/p>\n<div style=\"margin-top: 0px; margin-bottom: 0px;\" class=\"sharethis-inline-share-buttons\" ><\/div>","protected":false},"excerpt":{"rendered":"<p>Tr\u00eas motivos me impediram de falar a uma multid\u00e3o que estava em Iatec\u00e1. O meu sistema emocional abalado, afinal eu estava a cinq\u00fcenta metros do meu filho, um trauma de um com\u00edcio de 2008 e o cansa\u00e7o estampado no rosto de cada um que ali estava, principalmente os deficientes. Pe\u00e7o desculpas a popula\u00e7\u00e3o e coloco [&hellip;]<\/p>\n","protected":false},"author":1,"featured_media":0,"comment_status":"open","ping_status":"open","sticky":false,"template":"","format":"standard","meta":{"footnotes":""},"categories":[2],"tags":[],"class_list":["post-2908","post","type-post","status-publish","format-standard","hentry","category-noticias-do-dia"],"_links":{"self":[{"href":"https:\/\/www.saloanoticias.com\/v1\/wp-json\/wp\/v2\/posts\/2908","targetHints":{"allow":["GET"]}}],"collection":[{"href":"https:\/\/www.saloanoticias.com\/v1\/wp-json\/wp\/v2\/posts"}],"about":[{"href":"https:\/\/www.saloanoticias.com\/v1\/wp-json\/wp\/v2\/types\/post"}],"author":[{"embeddable":true,"href":"https:\/\/www.saloanoticias.com\/v1\/wp-json\/wp\/v2\/users\/1"}],"replies":[{"embeddable":true,"href":"https:\/\/www.saloanoticias.com\/v1\/wp-json\/wp\/v2\/comments?post=2908"}],"version-history":[{"count":0,"href":"https:\/\/www.saloanoticias.com\/v1\/wp-json\/wp\/v2\/posts\/2908\/revisions"}],"wp:attachment":[{"href":"https:\/\/www.saloanoticias.com\/v1\/wp-json\/wp\/v2\/media?parent=2908"}],"wp:term":[{"taxonomy":"category","embeddable":true,"href":"https:\/\/www.saloanoticias.com\/v1\/wp-json\/wp\/v2\/categories?post=2908"},{"taxonomy":"post_tag","embeddable":true,"href":"https:\/\/www.saloanoticias.com\/v1\/wp-json\/wp\/v2\/tags?post=2908"}],"curies":[{"name":"wp","href":"https:\/\/api.w.org\/{rel}","templated":true}]}}